{"id":8575,"date":"2014-10-22T09:20:55","date_gmt":"2014-10-22T11:20:55","guid":{"rendered":"http:\/\/www.sincomam.org.br\/?p=8575"},"modified":"2014-10-22T09:22:13","modified_gmt":"2014-10-22T11:22:13","slug":"comeca-hoje-o-iii-congresso-nacional-de-direito-maritimo-portuario-e-aduaneiro-da-oab","status":"publish","type":"post","link":"https:\/\/www.sincomam.org.br\/index.php\/comeca-hoje-o-iii-congresso-nacional-de-direito-maritimo-portuario-e-aduaneiro-da-oab\/","title":{"rendered":"Come\u00e7a hoje o \u201cIII Congresso Nacional de Direito Mar\u00edtimo, Portu\u00e1rio e Aduaneiro da OAB\u201d"},"content":{"rendered":"<p><strong><em>Evento debater\u00e1 temas atuais do setor de direito mar\u00edtimo<\/p>\n<p><\/em><\/strong>Com o objetivo de fomentar, aperfei\u00e7oar e atualizar os profissionais do setor, o III Congresso Nacional de Direito Mar\u00edtimo e Aduaneiro da OAB que come\u00e7a hoje, reunir\u00e1 especialistas do setor que debater\u00e3o temas como o os aspectos da Nova Lei dos Portos, as responsabilidades no transporte mar\u00edtimo de cargas, os danos ao meio ambiente, bem como a legisla\u00e7\u00e3o aduaneira e os seus intervenientes como meio de impulso ao com\u00e9rcio exterior brasileiro.<strong><em><br \/><\/em><\/strong><\/p>\n<p>Realizado pela OAB Santos, sob a organiza\u00e7\u00e3o do Guia Mar\u00edtimo, presente no setor de com\u00e9rcio exterior a mais de 21 anos, o evento reunir\u00e1 os principais nomes do segmento.<\/p>\n<p>Al\u00e9m disso, contar\u00e1 com outros temas de igual import\u00e2ncia, como os contratos de afretamento, limita\u00e7\u00e3o de responsabilidade civil do transportador mar\u00edtimo, efic\u00e1cia das decis\u00f5es proferidas pelo tribunal mar\u00edtimo, al\u00e9m de temas que ser\u00e3o debatidos atrav\u00e9s de pain\u00e9is espec\u00edficos.<\/p>\n<p>O evento acontece no Mendes Plaza Hotel, em Santos, e vai at\u00e9 amanh\u00e3, 23 de outubro. Para mais informa\u00e7\u00f5es acesse: <a href=\"http:\/\/www.congressomaritimosantos.com.br\/\" target=\"_blank\">http:\/\/www.congressomaritimosantos.com.br\/.<\/a><\/p>\n<p><strong><em>\u00a0<\/em><\/strong><\/p>\n","protected":false},"excerpt":{"rendered":"<p>Evento debater\u00e1 temas atuais do setor de direito mar\u00edtimo Com o objetivo de fomentar, aperfei\u00e7oar e atualizar os profissionais do setor, o III Congresso Nacional&#8230;<\/p>\n","protected":false},"author":1182,"featured_media":286,"comment_status":"closed","ping_status":"closed","sticky":false,"template":"","format":"standard","meta":{"footnotes":""},"categories":[6],"tags":[1445,844,171,1362,679],"class_list":["post-8575","post","type-post","status-publish","format-standard","has-post-thumbnail","hentry","category-noticias","tag-aduaneiro","tag-congresso","tag-direito-maritimo","tag-nacional","tag-oab"],"_links":{"self":[{"href":"https:\/\/www.sincomam.org.br\/index.php\/wp-json\/wp\/v2\/posts\/8575","targetHints":{"allow":["GET"]}}],"collection":[{"href":"https:\/\/www.sincomam.org.br\/index.php\/wp-json\/wp\/v2\/posts"}],"about":[{"href":"https:\/\/www.sincomam.org.br\/index.php\/wp-json\/wp\/v2\/types\/post"}],"author":[{"embeddable":true,"href":"https:\/\/www.sincomam.org.br\/index.php\/wp-json\/wp\/v2\/users\/1182"}],"replies":[{"embeddable":true,"href":"https:\/\/www.sincomam.org.br\/index.php\/wp-json\/wp\/v2\/comments?post=8575"}],"version-history":[{"count":1,"href":"https:\/\/www.sincomam.org.br\/index.php\/wp-json\/wp\/v2\/posts\/8575\/revisions"}],"predecessor-version":[{"id":8576,"href":"https:\/\/www.sincomam.org.br\/index.php\/wp-json\/wp\/v2\/posts\/8575\/revisions\/8576"}],"wp:featuredmedia":[{"embeddable":true,"href":"https:\/\/www.sincomam.org.br\/index.php\/wp-json\/wp\/v2\/media\/286"}],"wp:attachment":[{"href":"https:\/\/www.sincomam.org.br\/index.php\/wp-json\/wp\/v2\/media?parent=8575"}],"wp:term":[{"taxonomy":"category","embeddable":true,"href":"https:\/\/www.sincomam.org.br\/index.php\/wp-json\/wp\/v2\/categories?post=8575"},{"taxonomy":"post_tag","embeddable":true,"href":"https:\/\/www.sincomam.org.br\/index.php\/wp-json\/wp\/v2\/tags?post=8575"}],"curies":[{"name":"wp","href":"https:\/\/api.w.org\/{rel}","templated":true}]}}