{"id":8563,"date":"2014-10-22T08:58:52","date_gmt":"2014-10-22T10:58:52","guid":{"rendered":"http:\/\/www.sincomam.org.br\/?p=8563"},"modified":"2014-10-22T08:58:52","modified_gmt":"2014-10-22T10:58:52","slug":"plano-de-infraestrutura-e-logistica-para-cargas-no-rio-deve-ficar-pronto-em-2015","status":"publish","type":"post","link":"https:\/\/www.sincomam.org.br\/index.php\/plano-de-infraestrutura-e-logistica-para-cargas-no-rio-deve-ficar-pronto-em-2015\/","title":{"rendered":"Plano de infraestrutura e log\u00edstica para cargas no Rio deve ficar pronto em 2015"},"content":{"rendered":"<p>Um panorama do Plano Estrat\u00e9gico de Log\u00edstica e Cargas (Pelc 2040) do governo do Rio de Janeiro, com recursos do Banco Mundial, foi apresentado ontem (21), durante reuni\u00e3o do Conselho Empresarial de Log\u00edstica e Transporte da Associa\u00e7\u00e3o Comercial do Rio de Janeiro (ACRJ). O projeto mapeou a infraestrutura log\u00edstica do estado do Rio, com objetivo de apresentar projetos e solu\u00e7\u00f5es para os principais gargalos nos pr\u00f3ximos 30 anos. O plano deve ficar pronto em abril do ano que vem, com todas as prioridades de investimentos definidas.<\/p>\n<p>De acordo com o superintendente de Log\u00edstica de Cargas da Secretaria de Estado de Transportes do Rio, Eduardo Duprat, o plano supre uma necessidade da log\u00edstica deficiente em todo pa\u00eds. &#8220;O Rio de Janeiro, que \u00e9 um estado pequeno, com ferrovias e montanhas, sofre muito com esse problema. A economia dinamiza e a log\u00edstica tem de correr atr\u00e1s, o que n\u00e3o \u00e9 ideal&#8221;, salientou.<\/p>\n<p>Segundo ele, a prioridade \u00e9 que o planejamento e a log\u00edstica possam, juntas, atender \u00e0s necessidades do crescimento, principalmente no Rio de Janeiro. Acrescentou que o estado conta com uma potencial plataforma log\u00edstica, com a terceira maior costa mar\u00edtima do pa\u00eds e com muitas ferrovias desativadas. &#8220;Ent\u00e3o, acabou ficando \u00e0 reboque de interesses comerciais, naturais, mas que precisam ser resgatados com a pr\u00f3pria dinamiza\u00e7\u00e3o da economia&#8221;, ressaltou.<\/p>\n<p>Conforme Duprat, \u00e9 poss\u00edvel que importantes ferrovias desativadas sejam recuperadas para diniamizar o transporte ferrovi\u00e1rio no estado. Para isso, ser\u00e1 adotada uma estrat\u00e9gia nova para log\u00edstica de cargas paralela ao Pelc.<\/p>\n<p>A an\u00e1lise incluir\u00e1 dados como volume de cargas movimentado no estado e necessidades de integra\u00e7\u00e3o entre ferrovias, estradas, portos e aeroportos. Verificar\u00e1, ainda, a qualidade do acesso a estados que usam o Rio como porta de entrada e sa\u00edda para produtos, entre eles Minas Gerais e Esp\u00edrito Santo. Duprat explicou que os investimentos exigem a participa\u00e7\u00e3o da iniciativa privada. &#8220;Obviamente o Poder P\u00fablico n\u00e3o tem condi\u00e7\u00f5es de arcar com gastos vultosos na \u00e1rea de infraestrutura. Felizmente, estamos mudando. A exemplo de outros pa\u00edses, o Brasil aprendeu a incluir a iniciativa privada em suas propostas&#8221;, concluiu Eduardo Duprat.<\/p>\n<p>Fonte: Ag\u00eancia Brasil<\/p>\n","protected":false},"excerpt":{"rendered":"<p>Um panorama do Plano Estrat\u00e9gico de Log\u00edstica e Cargas (Pelc 2040) do governo do Rio de Janeiro, com recursos do Banco Mundial, foi apresentado ontem&#8230;<\/p>\n","protected":false},"author":1182,"featured_media":7007,"comment_status":"closed","ping_status":"closed","sticky":false,"template":"","format":"standard","meta":{"footnotes":""},"categories":[6],"tags":[],"class_list":["post-8563","post","type-post","status-publish","format-standard","has-post-thumbnail","hentry","category-noticias"],"_links":{"self":[{"href":"https:\/\/www.sincomam.org.br\/index.php\/wp-json\/wp\/v2\/posts\/8563","targetHints":{"allow":["GET"]}}],"collection":[{"href":"https:\/\/www.sincomam.org.br\/index.php\/wp-json\/wp\/v2\/posts"}],"about":[{"href":"https:\/\/www.sincomam.org.br\/index.php\/wp-json\/wp\/v2\/types\/post"}],"author":[{"embeddable":true,"href":"https:\/\/www.sincomam.org.br\/index.php\/wp-json\/wp\/v2\/users\/1182"}],"replies":[{"embeddable":true,"href":"https:\/\/www.sincomam.org.br\/index.php\/wp-json\/wp\/v2\/comments?post=8563"}],"version-history":[{"count":1,"href":"https:\/\/www.sincomam.org.br\/index.php\/wp-json\/wp\/v2\/posts\/8563\/revisions"}],"predecessor-version":[{"id":8564,"href":"https:\/\/www.sincomam.org.br\/index.php\/wp-json\/wp\/v2\/posts\/8563\/revisions\/8564"}],"wp:featuredmedia":[{"embeddable":true,"href":"https:\/\/www.sincomam.org.br\/index.php\/wp-json\/wp\/v2\/media\/7007"}],"wp:attachment":[{"href":"https:\/\/www.sincomam.org.br\/index.php\/wp-json\/wp\/v2\/media?parent=8563"}],"wp:term":[{"taxonomy":"category","embeddable":true,"href":"https:\/\/www.sincomam.org.br\/index.php\/wp-json\/wp\/v2\/categories?post=8563"},{"taxonomy":"post_tag","embeddable":true,"href":"https:\/\/www.sincomam.org.br\/index.php\/wp-json\/wp\/v2\/tags?post=8563"}],"curies":[{"name":"wp","href":"https:\/\/api.w.org\/{rel}","templated":true}]}}