{"id":8559,"date":"2014-10-22T08:52:08","date_gmt":"2014-10-22T10:52:08","guid":{"rendered":"http:\/\/www.sincomam.org.br\/?p=8559"},"modified":"2014-10-22T08:52:08","modified_gmt":"2014-10-22T10:52:08","slug":"obras-do-nucleo-do-comando-do-grupamento-de-patrulha-naval-do-sul-sudeste-sao-iniciadas","status":"publish","type":"post","link":"https:\/\/www.sincomam.org.br\/index.php\/obras-do-nucleo-do-comando-do-grupamento-de-patrulha-naval-do-sul-sudeste-sao-iniciadas\/","title":{"rendered":"Obras do N\u00facleo do Comando do Grupamento de Patrulha Naval do Sul-Sudeste s\u00e3o iniciadas"},"content":{"rendered":"<p><strong><em>Estrutura pertencente ao desativado servi\u00e7o de sinaliza\u00e7\u00e3o n\u00e1utica em Santos-SP<\/em><\/strong><\/p>\n<p>Em nota divulgada em 5 de outubro, a Marinha do Brasil informou que foi iniciada a primeira fase das obras que possibilitar\u00e3o a ativa\u00e7\u00e3o do N\u00facleo do Comando do Grupamento de Patrulha Naval do Sul-Sudeste, subordinado ao Comando do 8\u00ba Distrito Naval, em Santos (SP). O in\u00edcio dessa primeira fase de obras deu-se em 26 de setembro.<\/p>\n<p>Estrutura provis\u00f3ria para ativar n\u00facleo do com do grup de patnav do Sul-Sudeste &#8211; foto MBA estrutura provis\u00f3ria ser\u00e1 ativada em uma \u00e1rea de aproximadamente 600 m\u00b2 adjacente ao galp\u00e3o da Patromoria da Capitania dos Portos de S\u00e3o Paulo. A conclus\u00e3o das obras est\u00e1 prevista para o in\u00edcio do ano de 2015 e se dividem nas seguintes fases: demoli\u00e7\u00e3o da antiga estrutura do desativado Servi\u00e7o de Sinaliza\u00e7\u00e3o N\u00e1utica em Santos; nivelamento de piso; constru\u00e7\u00e3o em alvenaria e dry wall; e instala\u00e7\u00f5es hidr\u00e1ulicas e el\u00e9tricas.<\/p>\n<p>A ativa\u00e7\u00e3o do Comando do Grupamento de Patrulha Naval do Sul-Sudeste intensificar\u00e1 a presen\u00e7a da Marinha do Brasil na regi\u00e3o do maior complexo portu\u00e1rio da Am\u00e9rica Latina, respons\u00e1vel pela movimenta\u00e7\u00e3o de aproximadamente 25% do com\u00e9rcio exterior brasileiro e dotar\u00e1 o Comando do 8\u00ba Distrito Naval de um Grupamento Operativo capaz de realizar Patrulha Naval na regi\u00e3o do pr\u00e9-sal cont\u00edgua ao estado de S\u00e3o Paulo.<\/p>\n<p>Fonte: Marinha do Brasil<\/p>\n","protected":false},"excerpt":{"rendered":"<p>Estrutura pertencente ao desativado servi\u00e7o de sinaliza\u00e7\u00e3o n\u00e1utica em Santos-SP Em nota divulgada em 5 de outubro, a Marinha do Brasil informou que foi iniciada&#8230;<\/p>\n","protected":false},"author":1182,"featured_media":0,"comment_status":"closed","ping_status":"closed","sticky":false,"template":"","format":"standard","meta":{"footnotes":""},"categories":[6],"tags":[61,1444,15,67,1443,126],"class_list":["post-8559","post","type-post","status-publish","format-standard","hentry","category-noticias","tag-brasil","tag-comando","tag-marinha","tag-naval","tag-nucleo","tag-obras"],"_links":{"self":[{"href":"https:\/\/www.sincomam.org.br\/index.php\/wp-json\/wp\/v2\/posts\/8559","targetHints":{"allow":["GET"]}}],"collection":[{"href":"https:\/\/www.sincomam.org.br\/index.php\/wp-json\/wp\/v2\/posts"}],"about":[{"href":"https:\/\/www.sincomam.org.br\/index.php\/wp-json\/wp\/v2\/types\/post"}],"author":[{"embeddable":true,"href":"https:\/\/www.sincomam.org.br\/index.php\/wp-json\/wp\/v2\/users\/1182"}],"replies":[{"embeddable":true,"href":"https:\/\/www.sincomam.org.br\/index.php\/wp-json\/wp\/v2\/comments?post=8559"}],"version-history":[{"count":1,"href":"https:\/\/www.sincomam.org.br\/index.php\/wp-json\/wp\/v2\/posts\/8559\/revisions"}],"predecessor-version":[{"id":8560,"href":"https:\/\/www.sincomam.org.br\/index.php\/wp-json\/wp\/v2\/posts\/8559\/revisions\/8560"}],"wp:attachment":[{"href":"https:\/\/www.sincomam.org.br\/index.php\/wp-json\/wp\/v2\/media?parent=8559"}],"wp:term":[{"taxonomy":"category","embeddable":true,"href":"https:\/\/www.sincomam.org.br\/index.php\/wp-json\/wp\/v2\/categories?post=8559"},{"taxonomy":"post_tag","embeddable":true,"href":"https:\/\/www.sincomam.org.br\/index.php\/wp-json\/wp\/v2\/tags?post=8559"}],"curies":[{"name":"wp","href":"https:\/\/api.w.org\/{rel}","templated":true}]}}