{"id":8556,"date":"2014-10-22T08:45:56","date_gmt":"2014-10-22T10:45:56","guid":{"rendered":"http:\/\/www.sincomam.org.br\/?p=8556"},"modified":"2014-10-22T08:45:56","modified_gmt":"2014-10-22T10:45:56","slug":"embraer-apresenta-jato-militar-kc-390-em-parceria-com-a-fab","status":"publish","type":"post","link":"https:\/\/www.sincomam.org.br\/index.php\/embraer-apresenta-jato-militar-kc-390-em-parceria-com-a-fab\/","title":{"rendered":"Embraer apresenta jato militar KC-390, em parceria com a FAB"},"content":{"rendered":"<p>O ministro da Defesa, Celso Amorim, disse que o programa de desenvolvimento do jato militar KC-390, no qual foi feito um investimento de R$ 4,9 bilh\u00f5es, \u00e9 o primeiro caso no Brasil de uma coopera\u00e7\u00e3o t\u00e3o ampla com pa\u00edses de diferentes continentes.<\/p>\n<p>A cerim\u00f4nia de apresenta\u00e7\u00e3o do KC-390, que est\u00e1 sendo realizada nesta ter\u00e7a-feira na f\u00e1brica da Embraer em Gavi\u00e3o Peixoto (SP), contou com a presen\u00e7a dos ministros da Defesa de Portugal, Argentina e Rep\u00fablica Tcheca, parceiros industriais do programa de desenvolvimento da aeronave.<\/p>\n<p>Os tr\u00eas pa\u00edses j\u00e1 assinaram cartas de inten\u00e7\u00e3o de compra de um total de 32 aeronaves. O primeiro contrato foi fechado com a For\u00e7a A\u00e9rea Brasileira (FAB) e prev\u00ea a compra de 28 avi\u00f5es, avaliados em R$ 7,2 bilh\u00f5es.<\/p>\n<p>O presidente da Embraer, Frederico Curado, n\u00e3o compareceu ao evento de apresenta\u00e7\u00e3o do KC-390, que reuniu mais de 800 pessoas entre autoridades militares, fornecedores e empresas de defesa.<\/p>\n<p>Fonte: Valor Econ\u00f4mico \/ Foto: Gerson Fujiki\/ Embraer<\/p>\n","protected":false},"excerpt":{"rendered":"<p>O ministro da Defesa, Celso Amorim, disse que o programa de desenvolvimento do jato militar KC-390, no qual foi feito um investimento de R$ 4,9&#8230;<\/p>\n","protected":false},"author":1182,"featured_media":8557,"comment_status":"closed","ping_status":"closed","sticky":false,"template":"","format":"standard","meta":{"footnotes":""},"categories":[6],"tags":[1440,1085,1441,1442,492],"class_list":["post-8556","post","type-post","status-publish","format-standard","has-post-thumbnail","hentry","category-noticias","tag-apresenta","tag-embraer","tag-jato","tag-kc-390","tag-militar"],"_links":{"self":[{"href":"https:\/\/www.sincomam.org.br\/index.php\/wp-json\/wp\/v2\/posts\/8556","targetHints":{"allow":["GET"]}}],"collection":[{"href":"https:\/\/www.sincomam.org.br\/index.php\/wp-json\/wp\/v2\/posts"}],"about":[{"href":"https:\/\/www.sincomam.org.br\/index.php\/wp-json\/wp\/v2\/types\/post"}],"author":[{"embeddable":true,"href":"https:\/\/www.sincomam.org.br\/index.php\/wp-json\/wp\/v2\/users\/1182"}],"replies":[{"embeddable":true,"href":"https:\/\/www.sincomam.org.br\/index.php\/wp-json\/wp\/v2\/comments?post=8556"}],"version-history":[{"count":1,"href":"https:\/\/www.sincomam.org.br\/index.php\/wp-json\/wp\/v2\/posts\/8556\/revisions"}],"predecessor-version":[{"id":8558,"href":"https:\/\/www.sincomam.org.br\/index.php\/wp-json\/wp\/v2\/posts\/8556\/revisions\/8558"}],"wp:featuredmedia":[{"embeddable":true,"href":"https:\/\/www.sincomam.org.br\/index.php\/wp-json\/wp\/v2\/media\/8557"}],"wp:attachment":[{"href":"https:\/\/www.sincomam.org.br\/index.php\/wp-json\/wp\/v2\/media?parent=8556"}],"wp:term":[{"taxonomy":"category","embeddable":true,"href":"https:\/\/www.sincomam.org.br\/index.php\/wp-json\/wp\/v2\/categories?post=8556"},{"taxonomy":"post_tag","embeddable":true,"href":"https:\/\/www.sincomam.org.br\/index.php\/wp-json\/wp\/v2\/tags?post=8556"}],"curies":[{"name":"wp","href":"https:\/\/api.w.org\/{rel}","templated":true}]}}