{"id":8535,"date":"2014-10-21T09:25:54","date_gmt":"2014-10-21T11:25:54","guid":{"rendered":"http:\/\/www.sincomam.org.br\/?p=8535"},"modified":"2014-10-21T09:25:54","modified_gmt":"2014-10-21T11:25:54","slug":"relatorio-da-omc-aponta-preocupacao-com-exigencia-de-conteudo-local","status":"publish","type":"post","link":"https:\/\/www.sincomam.org.br\/index.php\/relatorio-da-omc-aponta-preocupacao-com-exigencia-de-conteudo-local\/","title":{"rendered":"Relat\u00f3rio da OMC aponta preocupa\u00e7\u00e3o com exig\u00eancia de conte\u00fado local"},"content":{"rendered":"<p>A Organiza\u00e7\u00e3o Mundial do Com\u00e9rcio (OMC) destaca em seu relat\u00f3rio anual a preocupa\u00e7\u00e3o de membros da entidade\u00a0 com o \u2018\u2019crescente uso pelo Brasil de taxas indiretas para proteger e promover a ind\u00fastria dom\u00e9stica, principalmente atrav\u00e9s do uso de conte\u00fado local\u2019\u2019.<\/p>\n<p>No &#8221;Relat\u00f3rio do Com\u00e9rcio Mundial 2014&#8221;&#8221;, divulgado ontem, segunda-feira, pelo diretor-geral da OMC, Roberto Azev\u00eado, a entidade nota que as exig\u00eancias de conte\u00fado local no Brasil foram estendidas do setor automotivo para outros segmentos, como os de telecomunica\u00e7\u00f5es, produtos digitais, semicondutores e fertilizantes.<\/p>\n<p>A OMC observa, contudo, que as preocupa\u00e7\u00f5es identificadas foram levantadas por outros membros em rela\u00e7\u00e3o a programa do Jap\u00e3o, pa\u00eds que justamente \u00e9 um dos que mais reclamam contra o Brasil.<\/p>\n<p>Os japoneses t\u00eam programa de desonera\u00e7\u00e3o para o setor de madeira, adotado em julho de 2013, desenhado para refor\u00e7ar a oferta e o uso de produtos florestais japoneses.<\/p>\n<p>Durante 2013, diz a OMC, houve v\u00e1rios questionamentos sobre a exig\u00eancia de conte\u00fado local no setor de telecomunica\u00e7\u00f5es no Brasil, na \u00cdndia e Indon\u00e9sia, assim como no setor de energia de Indon\u00e9sia, Nig\u00e9ria e Ucr\u00e2nia, al\u00e9m de certas medidas de investimentos requeridas no setor sider\u00fargico da China.<\/p>\n<p>Fonte: Valor Econ\u00f4mico\/Assis Moreira<\/p>\n","protected":false},"excerpt":{"rendered":"<p>A Organiza\u00e7\u00e3o Mundial do Com\u00e9rcio (OMC) destaca em seu relat\u00f3rio anual a preocupa\u00e7\u00e3o de membros da entidade\u00a0 com o \u2018\u2019crescente uso pelo Brasil de taxas&#8230;<\/p>\n","protected":false},"author":1182,"featured_media":8347,"comment_status":"closed","ping_status":"closed","sticky":false,"template":"","format":"standard","meta":{"footnotes":""},"categories":[6],"tags":[],"class_list":["post-8535","post","type-post","status-publish","format-standard","has-post-thumbnail","hentry","category-noticias"],"_links":{"self":[{"href":"https:\/\/www.sincomam.org.br\/index.php\/wp-json\/wp\/v2\/posts\/8535","targetHints":{"allow":["GET"]}}],"collection":[{"href":"https:\/\/www.sincomam.org.br\/index.php\/wp-json\/wp\/v2\/posts"}],"about":[{"href":"https:\/\/www.sincomam.org.br\/index.php\/wp-json\/wp\/v2\/types\/post"}],"author":[{"embeddable":true,"href":"https:\/\/www.sincomam.org.br\/index.php\/wp-json\/wp\/v2\/users\/1182"}],"replies":[{"embeddable":true,"href":"https:\/\/www.sincomam.org.br\/index.php\/wp-json\/wp\/v2\/comments?post=8535"}],"version-history":[{"count":1,"href":"https:\/\/www.sincomam.org.br\/index.php\/wp-json\/wp\/v2\/posts\/8535\/revisions"}],"predecessor-version":[{"id":8536,"href":"https:\/\/www.sincomam.org.br\/index.php\/wp-json\/wp\/v2\/posts\/8535\/revisions\/8536"}],"wp:featuredmedia":[{"embeddable":true,"href":"https:\/\/www.sincomam.org.br\/index.php\/wp-json\/wp\/v2\/media\/8347"}],"wp:attachment":[{"href":"https:\/\/www.sincomam.org.br\/index.php\/wp-json\/wp\/v2\/media?parent=8535"}],"wp:term":[{"taxonomy":"category","embeddable":true,"href":"https:\/\/www.sincomam.org.br\/index.php\/wp-json\/wp\/v2\/categories?post=8535"},{"taxonomy":"post_tag","embeddable":true,"href":"https:\/\/www.sincomam.org.br\/index.php\/wp-json\/wp\/v2\/tags?post=8535"}],"curies":[{"name":"wp","href":"https:\/\/api.w.org\/{rel}","templated":true}]}}