{"id":8494,"date":"2014-10-17T09:34:59","date_gmt":"2014-10-17T12:34:59","guid":{"rendered":"http:\/\/www.sincomam.org.br\/?p=8494"},"modified":"2014-10-17T19:41:07","modified_gmt":"2014-10-17T22:41:07","slug":"comeca-neste-sabado-o-horario-de-verao-em-todo-o-brasil","status":"publish","type":"post","link":"https:\/\/www.sincomam.org.br\/index.php\/comeca-neste-sabado-o-horario-de-verao-em-todo-o-brasil\/","title":{"rendered":"Come\u00e7a neste domingo o hor\u00e1rio de ver\u00e3o em todo o Brasil"},"content":{"rendered":"<p><strong><em>Rel\u00f3gios devem ser adiantados a partir do dia 19 de outubro em dez estados e no Distrito Federal.<\/em><\/strong> <strong><em>Pa\u00eds deve economizar R$ 278 milh\u00f5es<\/em><\/strong><\/p>\n<p>O secret\u00e1rio de Energia El\u00e9trica do Minist\u00e9rio de Minas e Energia, Ildo Gr\u00fcdtner, informou nesta ter\u00e7a-feira (14) que o pa\u00eds deve economizar R$ 278 milh\u00f5es com a implanta\u00e7\u00e3o da 39\u00aa edi\u00e7\u00e3o do hor\u00e1rio de ver\u00e3o, a <span>partir do dia 19 de outubro, exatamente \u00e0s 0h de s\u00e1bado para domingo. Os moradores das regi\u00f5es Sul, Sudeste e Centro-oeste dever\u00e3o adiantar seus rel\u00f3gios em uma hora a partir da data. J\u00e1 nos estados do Norte e Nordeste, o hor\u00e1rio permanece inalterado. O hor\u00e1rio de ver\u00e3o terminar\u00e1 em 22 de fevereiro de 2015.<\/span><\/p>\n<p>A medida vai valer por 126 dias \u2013 cinco a mais do que a m\u00e9dia dos \u00faltimos 15 anos, afirmou, e uma semana a mais do que a \u00faltima edi\u00e7\u00e3o do hor\u00e1rio de ver\u00e3o, que foi do dia 20 de outubro a 16 de fevereiro. A prorroga\u00e7\u00e3o ocorreu para evitar que o fim da medida acontecesse no carnaval.<\/p>\n<p>Na \u00faltima edi\u00e7\u00e3o, a economia de energia foi de\u00a0 R$ 405 milh\u00f5es. O motivo da queda na economia \u00e9 que h\u00e1 uma demanda maior de gera\u00e7\u00e3o de energia, j\u00e1 que choveu menos, afirmou o secret\u00e1rio. Ainda assim, ele diz que a medida vale a pena.<\/p>\n<p>Entre os benef\u00edcios apontados pelo minist\u00e9rio est\u00e1 a redu\u00e7\u00e3o na sobrecarga das linhas de tens\u00e3o e transformadores. &#8220;Al\u00e9m desses ganhos do sistema el\u00e9trico, tem-se ganhos de lazer e de turismo, j\u00e1 que as pessoas deixam seus trabalhos mais cedo e podem desfrutar desse per\u00edodo do dia com luz solar&#8221;, disse o secret\u00e1rio.<\/p>\n<p>Os estados em que o hor\u00e1rio de ver\u00e3o vai vigorar s\u00e3o Rio Grande do Sul, Santa Catarina, Paran\u00e1, S\u00e3o Paulo, Rio de Janeiro, Minas Gerais, Esp\u00edrito Santo, Goi\u00e1s, Mato Grosso e Mato Grosso do Sul, al\u00e9m do Distrito Federal.<\/p>\n<p><strong>Economia<\/strong><\/p>\n<p>Ainda segundo o secret\u00e1rio, a expectativa \u00e9 reduzir em 0,4% o consumo de \u00e1gua nos reservat\u00f3rios dos estados do Sudeste e do Centro-Oeste, e 1,1%, nos do Sul. Gr\u00fcdtner afirmou tamb\u00e9m que a medida vai evitar um gasto de cerca de R$ 4,5 bilh\u00f5es com a constru\u00e7\u00e3o de termel\u00e9tricas no per\u00edodo.<\/p>\n<p>O hor\u00e1rio de ver\u00e3o foi aplicado no Brasil pela primeira vez no ver\u00e3o de 1931\/1932. O objetivo \u00e9 estimular o uso racional e adequado da energia el\u00e9trica. Consequentemente, segundo o minist\u00e9rio, h\u00e1 aumento da seguran\u00e7a do sistema el\u00e9trico e maior flexibilidade operacional para a realiza\u00e7\u00e3o de manuten\u00e7\u00f5es, al\u00e9m de redu\u00e7\u00e3o da press\u00e3o sobre o meio ambiente e nas tarifas cobradas pelo servi\u00e7o.<\/p>\n<p>Fonte: G1<\/p>\n","protected":false},"excerpt":{"rendered":"<p>Rel\u00f3gios devem ser adiantados a partir do dia 19 de outubro em dez estados e no Distrito Federal. Pa\u00eds deve economizar R$ 278 milh\u00f5es O&#8230;<\/p>\n","protected":false},"author":1182,"featured_media":3665,"comment_status":"closed","ping_status":"closed","sticky":false,"template":"","format":"standard","meta":{"footnotes":""},"categories":[6],"tags":[],"class_list":["post-8494","post","type-post","status-publish","format-standard","has-post-thumbnail","hentry","category-noticias"],"_links":{"self":[{"href":"https:\/\/www.sincomam.org.br\/index.php\/wp-json\/wp\/v2\/posts\/8494","targetHints":{"allow":["GET"]}}],"collection":[{"href":"https:\/\/www.sincomam.org.br\/index.php\/wp-json\/wp\/v2\/posts"}],"about":[{"href":"https:\/\/www.sincomam.org.br\/index.php\/wp-json\/wp\/v2\/types\/post"}],"author":[{"embeddable":true,"href":"https:\/\/www.sincomam.org.br\/index.php\/wp-json\/wp\/v2\/users\/1182"}],"replies":[{"embeddable":true,"href":"https:\/\/www.sincomam.org.br\/index.php\/wp-json\/wp\/v2\/comments?post=8494"}],"version-history":[{"count":5,"href":"https:\/\/www.sincomam.org.br\/index.php\/wp-json\/wp\/v2\/posts\/8494\/revisions"}],"predecessor-version":[{"id":8523,"href":"https:\/\/www.sincomam.org.br\/index.php\/wp-json\/wp\/v2\/posts\/8494\/revisions\/8523"}],"wp:featuredmedia":[{"embeddable":true,"href":"https:\/\/www.sincomam.org.br\/index.php\/wp-json\/wp\/v2\/media\/3665"}],"wp:attachment":[{"href":"https:\/\/www.sincomam.org.br\/index.php\/wp-json\/wp\/v2\/media?parent=8494"}],"wp:term":[{"taxonomy":"category","embeddable":true,"href":"https:\/\/www.sincomam.org.br\/index.php\/wp-json\/wp\/v2\/categories?post=8494"},{"taxonomy":"post_tag","embeddable":true,"href":"https:\/\/www.sincomam.org.br\/index.php\/wp-json\/wp\/v2\/tags?post=8494"}],"curies":[{"name":"wp","href":"https:\/\/api.w.org\/{rel}","templated":true}]}}