{"id":8483,"date":"2014-10-17T09:10:13","date_gmt":"2014-10-17T12:10:13","guid":{"rendered":"http:\/\/www.sincomam.org.br\/?p=8483"},"modified":"2014-10-17T09:10:13","modified_gmt":"2014-10-17T12:10:13","slug":"funcionarios-da-planta-da-iesa-no-municipio-de-charqueadas-retornam-ao-trabalho","status":"publish","type":"post","link":"https:\/\/www.sincomam.org.br\/index.php\/funcionarios-da-planta-da-iesa-no-municipio-de-charqueadas-retornam-ao-trabalho\/","title":{"rendered":"Funcion\u00e1rios da planta da IESA no munic\u00edpio de Charqueadas retornam ao trabalho"},"content":{"rendered":"<p>As f\u00e9rias coletivas, decretadas em meados de setembro pela unidade de constru\u00e7\u00e3o naval da IESA \u00d3leo e G\u00e1s, localizada em Charqueadas, chegaram ao fim. Com isso, o presidente do Sindicato dos Metal\u00fargicos do munic\u00edpio, Jorge Luiz de Carvalho, informa que cerca de 800 trabalhadores voltaram \u00e0s atividades.<\/p>\n<p>Apesar do retorno, o dirigente comenta que persiste a preocupa\u00e7\u00e3o quanto \u00e0 continuidade ou n\u00e3o do chamado Polo Naval do Jacu\u00ed.<\/p>\n<p>Conforme o sindicalista, os funcion\u00e1rios dizem que est\u00e3o atuando em condi\u00e7\u00f5es prec\u00e1rias. Carvalho afirma que a companhia tem atrasado alguns compromissos como, por exemplo, o vale-refei\u00e7\u00e3o. Por\u00e9m, os sal\u00e1rios est\u00e3o sendo pagos. O dirigente acrescenta que surgiram coment\u00e1rios que novas f\u00e9rias coletivas poderiam ser decretadas pela empresa.<\/p>\n<p>\u201cA meio mastro j\u00e1 est\u00e1, porque alguns m\u00f3dulos j\u00e1 foram embora, se isso se confirmar, compromete de vez as f\u00e9rias\u201d, ressalta. Segundo o departamento de Comunica\u00e7\u00e3o e Marketing da Iesa, n\u00e3o h\u00e1 previs\u00e3o de novas f\u00e9rias coletivas.<\/p>\n<p>Inicialmente, a expectativa era de que o complexo de Charqueadas fizesse um total de 32 m\u00f3dulos. Entretanto, devido \u00e0 demora no cumprimento da demanda, a perspectiva agora \u00e9 de que 16 estruturas sejam concretizadas no Rio Grande do Sul.<\/p>\n<p>A planta no Estado foi constru\u00edda para fabricar m\u00f3dulos de compress\u00e3o para plataformas de petr\u00f3leo replicantes (id\u00eanticas) que ser\u00e3o instaladas na \u00e1rea do pr\u00e9-sal. A encomenda foi feita pela Tupi BV, que tem como acionistas a Petrobras, o BG Group e a Petrogal.<\/p>\n<p>O valor envolvido no pedido supera o patamar de R$ 1 bilh\u00e3o, contudo a Iesa vem sofrendo dificuldades para operar sua unidade no Rio Grande do Sul. O seu grupo controlador (a Inepar) enfrenta problemas financeiros e entrou em processo de recupera\u00e7\u00e3o judicial.<\/p>\n<p>Uma a\u00e7\u00e3o que est\u00e1 sendo desenvolvida para garantir a manuten\u00e7\u00e3o da unidade de Charqueadas \u00e9 a parceria entre a Iesa e a Andrade Gutierrez. No entanto, o presidente do sindicato salienta que n\u00e3o se tem defini\u00e7\u00e3o oficial sobre o acordo entre as duas companhias. Carvalho n\u00e3o descarta que o processo eleitoral possa estar afetando esse assunto.<\/p>\n<p>Fonte: Jornal do Commercio (POA)\/Jefferson Klein<\/p>\n","protected":false},"excerpt":{"rendered":"<p>As f\u00e9rias coletivas, decretadas em meados de setembro pela unidade de constru\u00e7\u00e3o naval da IESA \u00d3leo e G\u00e1s, localizada em Charqueadas, chegaram ao fim. Com&#8230;<\/p>\n","protected":false},"author":1182,"featured_media":0,"comment_status":"closed","ping_status":"closed","sticky":false,"template":"","format":"standard","meta":{"footnotes":""},"categories":[6],"tags":[],"class_list":["post-8483","post","type-post","status-publish","format-standard","hentry","category-noticias"],"_links":{"self":[{"href":"https:\/\/www.sincomam.org.br\/index.php\/wp-json\/wp\/v2\/posts\/8483","targetHints":{"allow":["GET"]}}],"collection":[{"href":"https:\/\/www.sincomam.org.br\/index.php\/wp-json\/wp\/v2\/posts"}],"about":[{"href":"https:\/\/www.sincomam.org.br\/index.php\/wp-json\/wp\/v2\/types\/post"}],"author":[{"embeddable":true,"href":"https:\/\/www.sincomam.org.br\/index.php\/wp-json\/wp\/v2\/users\/1182"}],"replies":[{"embeddable":true,"href":"https:\/\/www.sincomam.org.br\/index.php\/wp-json\/wp\/v2\/comments?post=8483"}],"version-history":[{"count":1,"href":"https:\/\/www.sincomam.org.br\/index.php\/wp-json\/wp\/v2\/posts\/8483\/revisions"}],"predecessor-version":[{"id":8484,"href":"https:\/\/www.sincomam.org.br\/index.php\/wp-json\/wp\/v2\/posts\/8483\/revisions\/8484"}],"wp:attachment":[{"href":"https:\/\/www.sincomam.org.br\/index.php\/wp-json\/wp\/v2\/media?parent=8483"}],"wp:term":[{"taxonomy":"category","embeddable":true,"href":"https:\/\/www.sincomam.org.br\/index.php\/wp-json\/wp\/v2\/categories?post=8483"},{"taxonomy":"post_tag","embeddable":true,"href":"https:\/\/www.sincomam.org.br\/index.php\/wp-json\/wp\/v2\/tags?post=8483"}],"curies":[{"name":"wp","href":"https:\/\/api.w.org\/{rel}","templated":true}]}}