{"id":8469,"date":"2014-10-17T08:00:00","date_gmt":"2014-10-17T11:00:00","guid":{"rendered":"http:\/\/www.sincomam.org.br\/?p=8469"},"modified":"2014-10-17T09:04:11","modified_gmt":"2014-10-17T12:04:11","slug":"upa-de-foz-do-iguacu-pr-e-isolada-apos-segundo-caso-suspeito-de-ebola","status":"publish","type":"post","link":"https:\/\/www.sincomam.org.br\/index.php\/upa-de-foz-do-iguacu-pr-e-isolada-apos-segundo-caso-suspeito-de-ebola\/","title":{"rendered":"UPA de Foz do Igua\u00e7u (PR) \u00e9 isolada ap\u00f3s segundo caso suspeito de ebola"},"content":{"rendered":"<p>A Unidade de Pronto Atendimento (UPA) Jo\u00e3o Samek, em Foz do Igua\u00e7u (PR), foi isolada na manh\u00e3 desta quarta-feira (16) ap\u00f3s o registro de um caso suspeito de ebola.<\/p>\n<p>De acordo com a assessoria de imprensa da Secretaria de Sa\u00fade do munic\u00edpio, o paciente procurou atendimento na unidade e relatou que esteve em Serra Leoa h\u00e1 23 dias. O pa\u00eds \u00e9 um dos mais atingidos pela epidemia da doen\u00e7a na \u00c1frica Ocidental.<\/p>\n<p>Ainda segundo a secretaria, todos os profissionais de sa\u00fade e demais pessoas que estavam na UPA no momento em que o paciente buscou atendimento tamb\u00e9m est\u00e3o sendo mantidos em isolamento conforme o previsto no Protocolo Internacional de Combate ao Ebola.<\/p>\n<p>A Ag\u00eancia Brasil entrou em contato com o Minist\u00e9rio da Sa\u00fade, que ainda n\u00e3o se pronunciou sobre o caso.<\/p>\n<p><strong>Novas informa\u00e7\u00f5es<\/strong><\/p>\n<p>Nesta quinta-feira (16), a Secretaria de Sa\u00fade do Paran\u00e1 informou que o caso suspeito de ebola foi descartado. De acordo com a assessoria de imprensa, houve dificuldade na comunica\u00e7\u00e3o com o paciente no momento do atendimento e a secretaria entendeu que ele tinha passado por Serra Leoa, pa\u00eds atingido pela epidemia de ebola.<\/p>\n<p>Ap\u00f3s fotografar o passaporte do paciente, a secretaria informou que o homem n\u00e3o passou por nenhum pa\u00eds africano, mas pela China, por Dubai, pelo L\u00edbano e pela It\u00e1lia.<\/p>\n<p>O paciente buscou atendimento m\u00e9dico depois de apresentar febre e n\u00e1useas. Ele ficou em isolamento, junto aos profissionais de sa\u00fade e demais pessoas que estavam na unidade por algumas horas. Ainda n\u00e3o h\u00e1 informa\u00e7\u00f5es sobre se a UPA Jo\u00e3o Samek j\u00e1 foi liberada para atendimento \u00e0 popula\u00e7\u00e3o.<\/p>\n<p>Fonte: Ag\u00eancia Brasil<\/p>\n","protected":false},"excerpt":{"rendered":"<p>A Unidade de Pronto Atendimento (UPA) Jo\u00e3o Samek, em Foz do Igua\u00e7u (PR), foi isolada na manh\u00e3 desta quarta-feira (16) ap\u00f3s o registro de um&#8230;<\/p>\n","protected":false},"author":1182,"featured_media":8470,"comment_status":"closed","ping_status":"closed","sticky":false,"template":"","format":"standard","meta":{"footnotes":""},"categories":[6],"tags":[],"class_list":["post-8469","post","type-post","status-publish","format-standard","has-post-thumbnail","hentry","category-noticias"],"_links":{"self":[{"href":"https:\/\/www.sincomam.org.br\/index.php\/wp-json\/wp\/v2\/posts\/8469","targetHints":{"allow":["GET"]}}],"collection":[{"href":"https:\/\/www.sincomam.org.br\/index.php\/wp-json\/wp\/v2\/posts"}],"about":[{"href":"https:\/\/www.sincomam.org.br\/index.php\/wp-json\/wp\/v2\/types\/post"}],"author":[{"embeddable":true,"href":"https:\/\/www.sincomam.org.br\/index.php\/wp-json\/wp\/v2\/users\/1182"}],"replies":[{"embeddable":true,"href":"https:\/\/www.sincomam.org.br\/index.php\/wp-json\/wp\/v2\/comments?post=8469"}],"version-history":[{"count":1,"href":"https:\/\/www.sincomam.org.br\/index.php\/wp-json\/wp\/v2\/posts\/8469\/revisions"}],"predecessor-version":[{"id":8471,"href":"https:\/\/www.sincomam.org.br\/index.php\/wp-json\/wp\/v2\/posts\/8469\/revisions\/8471"}],"wp:featuredmedia":[{"embeddable":true,"href":"https:\/\/www.sincomam.org.br\/index.php\/wp-json\/wp\/v2\/media\/8470"}],"wp:attachment":[{"href":"https:\/\/www.sincomam.org.br\/index.php\/wp-json\/wp\/v2\/media?parent=8469"}],"wp:term":[{"taxonomy":"category","embeddable":true,"href":"https:\/\/www.sincomam.org.br\/index.php\/wp-json\/wp\/v2\/categories?post=8469"},{"taxonomy":"post_tag","embeddable":true,"href":"https:\/\/www.sincomam.org.br\/index.php\/wp-json\/wp\/v2\/tags?post=8469"}],"curies":[{"name":"wp","href":"https:\/\/api.w.org\/{rel}","templated":true}]}}