{"id":8448,"date":"2014-10-16T08:33:44","date_gmt":"2014-10-16T11:33:44","guid":{"rendered":"http:\/\/www.sincomam.org.br\/?p=8448"},"modified":"2014-10-16T10:36:52","modified_gmt":"2014-10-16T13:36:52","slug":"antaq-celebra-contrato-de-adesao-com-a-empresa-braskem","status":"publish","type":"post","link":"https:\/\/www.sincomam.org.br\/index.php\/antaq-celebra-contrato-de-adesao-com-a-empresa-braskem\/","title":{"rendered":"Antaq celebra contrato de ades\u00e3o com a empresa Braskem"},"content":{"rendered":"<p>A Uni\u00e3o, por interm\u00e9dio da ANTAQ, celebrou com a empresa Braskem S\/A. contrato de ades\u00e3o adaptado \u00e0 Lei n\u00ba 12.815\/2013. A assinatura aconteceu na tarde de ontem, quarta-feira (15), na sede da Ag\u00eancia, em Bras\u00edlia.<\/p>\n<p>Pela Antaq, participou o diretor-geral, M\u00e1rio Povia, e pela empresa o seu gerente de Log\u00edstica da Unidade de Petroqu\u00edmicos B\u00e1sicos, Alessandro Scapol, que estava acompanhado do advogado do Escrit\u00f3rio Gallotti, F\u00e1bio Silveira.<\/p>\n<p>Com a assinatura do contrato, a empresa fica autorizada a explorar instala\u00e7\u00e3o portu\u00e1ria na modalidade Terminal de Uso Privado, denominada Terminal Santa Clara, localizada em Triunfo (RS).<\/p>\n<p>A autoriza\u00e7\u00e3o compreende a movimenta\u00e7\u00e3o e armazenagem de granel liquido e gasoso, de gran\u00e9is s\u00f3lidos e de carga conteinerizada. A \u00e1rea autorizada para explora\u00e7\u00e3o da instala\u00e7\u00e3o portu\u00e1ria corresponde a 201.800 metros quadrados.<\/p>\n<p>A autoriza\u00e7\u00e3o do terminal ter\u00e1 vig\u00eancia por 25 anos contados da data de assinatura do contrato de ades\u00e3o, prorrog\u00e1vel por per\u00edodos sucessivos mediante a manuten\u00e7\u00e3o da atividade pela autorizada e realiza\u00e7\u00e3o dos investimentos necess\u00e1rios \u00e0 expans\u00e3o e moderniza\u00e7\u00e3o das instala\u00e7\u00f5es portu\u00e1rias.<\/p>\n<p>Fonte: Antaq<\/p>\n","protected":false},"excerpt":{"rendered":"<p>A Uni\u00e3o, por interm\u00e9dio da ANTAQ, celebrou com a empresa Braskem S\/A. contrato de ades\u00e3o adaptado \u00e0 Lei n\u00ba 12.815\/2013. A assinatura aconteceu na tarde&#8230;<\/p>\n","protected":false},"author":1182,"featured_media":8449,"comment_status":"closed","ping_status":"closed","sticky":false,"template":"","format":"standard","meta":{"footnotes":""},"categories":[6],"tags":[],"class_list":["post-8448","post","type-post","status-publish","format-standard","has-post-thumbnail","hentry","category-noticias"],"_links":{"self":[{"href":"https:\/\/www.sincomam.org.br\/index.php\/wp-json\/wp\/v2\/posts\/8448","targetHints":{"allow":["GET"]}}],"collection":[{"href":"https:\/\/www.sincomam.org.br\/index.php\/wp-json\/wp\/v2\/posts"}],"about":[{"href":"https:\/\/www.sincomam.org.br\/index.php\/wp-json\/wp\/v2\/types\/post"}],"author":[{"embeddable":true,"href":"https:\/\/www.sincomam.org.br\/index.php\/wp-json\/wp\/v2\/users\/1182"}],"replies":[{"embeddable":true,"href":"https:\/\/www.sincomam.org.br\/index.php\/wp-json\/wp\/v2\/comments?post=8448"}],"version-history":[{"count":1,"href":"https:\/\/www.sincomam.org.br\/index.php\/wp-json\/wp\/v2\/posts\/8448\/revisions"}],"predecessor-version":[{"id":8450,"href":"https:\/\/www.sincomam.org.br\/index.php\/wp-json\/wp\/v2\/posts\/8448\/revisions\/8450"}],"wp:featuredmedia":[{"embeddable":true,"href":"https:\/\/www.sincomam.org.br\/index.php\/wp-json\/wp\/v2\/media\/8449"}],"wp:attachment":[{"href":"https:\/\/www.sincomam.org.br\/index.php\/wp-json\/wp\/v2\/media?parent=8448"}],"wp:term":[{"taxonomy":"category","embeddable":true,"href":"https:\/\/www.sincomam.org.br\/index.php\/wp-json\/wp\/v2\/categories?post=8448"},{"taxonomy":"post_tag","embeddable":true,"href":"https:\/\/www.sincomam.org.br\/index.php\/wp-json\/wp\/v2\/tags?post=8448"}],"curies":[{"name":"wp","href":"https:\/\/api.w.org\/{rel}","templated":true}]}}