{"id":8446,"date":"2014-10-20T08:11:43","date_gmt":"2014-10-20T10:11:43","guid":{"rendered":"http:\/\/www.sincomam.org.br\/?p=8446"},"modified":"2014-10-16T10:33:31","modified_gmt":"2014-10-16T13:33:31","slug":"tcu-pede-explicacoes-ao-governo-sobre-contratacao-da-petrobras-sem-licitacao","status":"publish","type":"post","link":"https:\/\/www.sincomam.org.br\/index.php\/tcu-pede-explicacoes-ao-governo-sobre-contratacao-da-petrobras-sem-licitacao\/","title":{"rendered":"TCU pede explica\u00e7\u00f5es ao governo sobre contrata\u00e7\u00e3o da Petrobras sem licita\u00e7\u00e3o"},"content":{"rendered":"<p>O Tribunal de Contas da Uni\u00e3o pediu explica\u00e7\u00f5es ao Minist\u00e9rio de Minas e Energia sobre o pedido de contrata\u00e7\u00e3o direta da Petrobras para a explora\u00e7\u00e3o do excedente de petr\u00f3leo da cess\u00e3o onerosa. O despacho com a solicita\u00e7\u00e3o \u00e9 do ministro Jos\u00e9 Jorge. A cess\u00e3o onerosa \u00e9 um mecanismo criado pelo governo para permitir que a petroleira produza at\u00e9 5 bilh\u00f5es de barris de petr\u00f3leo em algumas \u00e1reas do pr\u00e9-sal, sem a necessidade de licita\u00e7\u00e3o.<\/p>\n<p>Em junho, o Conselho Nacional de Pol\u00edtica Energ\u00e9tica aprovou a contrata\u00e7\u00e3o direta da Petrobras para produ\u00e7\u00e3o do volume excedente ao contratado sob o regime de cess\u00e3o onerosa em quatro \u00e1reas do pr\u00e9-sal \u2013 B\u00fazios, Entorno de Iara, Florim e Nordeste de Tupi.<\/p>\n<p>O minist\u00e9rio deve encaminhar, em cinco dias, a explica\u00e7\u00e3o para que a contrata\u00e7\u00e3o seja fosse antes da conclus\u00e3o da revis\u00e3o do contrato de cess\u00e3o onerosa, demonstrando os benef\u00edcios da medida, al\u00e9m de dados sobre a produ\u00e7\u00e3o e an\u00e1lises dos riscos do gerenciamento de dois regimes de contrata\u00e7\u00e3o simult\u00e2neos nas mesmas \u00e1reas de produ\u00e7\u00e3o.<\/p>\n<p>A Ag\u00eancia Nacional do Petr\u00f3leo dever\u00e1 encaminhar a c\u00f3pia do contrato de cess\u00e3o onerosa, resumo de estudos da Petrobras sobre os volumes de reservas e os relat\u00f3rios finais de atividades explorat\u00f3rias das \u00e1reas sobre cess\u00e3o onerosa.<\/p>\n<p>O Minist\u00e9rio de Minas e Energia informou que n\u00e3o comentar\u00e1 o assunto.<\/p>\n<p>Fonte: Ag\u00eancia Brasil<\/p>\n","protected":false},"excerpt":{"rendered":"<p>O Tribunal de Contas da Uni\u00e3o pediu explica\u00e7\u00f5es ao Minist\u00e9rio de Minas e Energia sobre o pedido de contrata\u00e7\u00e3o direta da Petrobras para a explora\u00e7\u00e3o&#8230;<\/p>\n","protected":false},"author":1182,"featured_media":7658,"comment_status":"closed","ping_status":"closed","sticky":false,"template":"","format":"standard","meta":{"footnotes":""},"categories":[6],"tags":[297,58,257],"class_list":["post-8446","post","type-post","status-publish","format-standard","has-post-thumbnail","hentry","category-noticias","tag-investigacao","tag-petrobras","tag-tcu"],"_links":{"self":[{"href":"https:\/\/www.sincomam.org.br\/index.php\/wp-json\/wp\/v2\/posts\/8446","targetHints":{"allow":["GET"]}}],"collection":[{"href":"https:\/\/www.sincomam.org.br\/index.php\/wp-json\/wp\/v2\/posts"}],"about":[{"href":"https:\/\/www.sincomam.org.br\/index.php\/wp-json\/wp\/v2\/types\/post"}],"author":[{"embeddable":true,"href":"https:\/\/www.sincomam.org.br\/index.php\/wp-json\/wp\/v2\/users\/1182"}],"replies":[{"embeddable":true,"href":"https:\/\/www.sincomam.org.br\/index.php\/wp-json\/wp\/v2\/comments?post=8446"}],"version-history":[{"count":1,"href":"https:\/\/www.sincomam.org.br\/index.php\/wp-json\/wp\/v2\/posts\/8446\/revisions"}],"predecessor-version":[{"id":8447,"href":"https:\/\/www.sincomam.org.br\/index.php\/wp-json\/wp\/v2\/posts\/8446\/revisions\/8447"}],"wp:featuredmedia":[{"embeddable":true,"href":"https:\/\/www.sincomam.org.br\/index.php\/wp-json\/wp\/v2\/media\/7658"}],"wp:attachment":[{"href":"https:\/\/www.sincomam.org.br\/index.php\/wp-json\/wp\/v2\/media?parent=8446"}],"wp:term":[{"taxonomy":"category","embeddable":true,"href":"https:\/\/www.sincomam.org.br\/index.php\/wp-json\/wp\/v2\/categories?post=8446"},{"taxonomy":"post_tag","embeddable":true,"href":"https:\/\/www.sincomam.org.br\/index.php\/wp-json\/wp\/v2\/tags?post=8446"}],"curies":[{"name":"wp","href":"https:\/\/api.w.org\/{rel}","templated":true}]}}