{"id":8422,"date":"2014-10-16T08:15:08","date_gmt":"2014-10-16T11:15:08","guid":{"rendered":"http:\/\/www.sincomam.org.br\/?p=8422"},"modified":"2014-10-16T18:19:19","modified_gmt":"2014-10-16T21:19:19","slug":"dia-maritimo-mundial-e-celebrado-no-ciaga","status":"publish","type":"post","link":"https:\/\/www.sincomam.org.br\/index.php\/dia-maritimo-mundial-e-celebrado-no-ciaga\/","title":{"rendered":"Diretoria do SINCOMAM participa do Dia Mar\u00edtimo Mundial no CIAGA"},"content":{"rendered":"<p>No \u00faltimo dia 25 de setembro de 2014, em cerim\u00f4nia presidida pelo Chefe do Estado-Maior da Armada (CEMA), Almirante-de-Esquadra Carlos Augusto de Sousa, foi realizada no CIAGA \u2013 Centro de Instru\u00e7\u00e3o Almirante Gra\u00e7a Aranha &#8211; a celebra\u00e7\u00e3o do Dia Mar\u00edtimo Mundial, organizado pela Diretoria de Portos e Costas (DPC).<\/p>\n<p>O presidente do SINCOMAM, Alcir da Costa Albernoz, fez quest\u00e3o de cumprimentar o diretor da DPC, Vice-Almirante Claudio Portugal de Viveiros, pelos servi\u00e7os e trabalhos formalizados junto aos profissionais da Marinha Mercante brasileira.<\/p>\n<p>\u201c\u00c9 uma grande honra participar deste evento que representa reconhecimento dos relevantes servi\u00e7os prestados ao Brasil pela Marinha Mercante. O dia Internacional do Mar\u00edtimo deve ser estendido por v\u00e1rios segmentos de nossa sociedade mostrando a import\u00e2ncia do homem do mar, que mesmo diante das adversidades segue cumprindo com o compromisso que tem com sua p\u00e1tria, mesmo \u00a0diante de conflitos como a Segunda Guerra Mundial, onde cumpriram com seu dever, levando tropas ou mantendo o com\u00e9rcio do Brasil com as na\u00e7\u00f5es amigas, sendo os navios muitas vezes \u00a0torpedeados, com o sacrif\u00edcio da pr\u00f3pria vida, o que demostra o compromisso, bravura e a devo\u00e7\u00e3o do Mar\u00edtimo brasileiro com o seu Pa\u00eds. Somos forjados nas mais duras intemp\u00e9ries e\u00a0 certamente continuaremos a cumprir com a nossa miss\u00e3o que \u00e9 levar o nosso barco ao porto seguro. Que o Sr DEUS aben\u00e7oe esses bravos homens do mar; viva a Marinha Mercante, viva o BRASIL!!\u201d, ressaltou Alcir Albernoz.<\/p>\n<p><span>Ap\u00f3s a leitura da mensagem do Secret\u00e1rio-Geral da Organiza\u00e7\u00e3o Mar\u00edtima Internacional, Koji Sekimizu, lida pelo Presidente do Centro de Capit\u00e3es da Marinha Mercante, Capit\u00e3o-de-Longo-Curso \u00c1lvaro Jose de Almeida Junior, e da Ordem do Dia citada pelo Diretor de Portos e Costas Vice-Almirante Claudio Portugal de Viveiros, ocorreu a entrega do Distintivo de Comodoro ao Capit\u00e3o-de-Longo-Curso S\u00e9rgio Mar\u00e7al Franco.<\/span><\/p>\n<p>Fonte: Reda\u00e7\u00e3o SINCOMAM\/ Foto: D<span>iretoria do SINCOMAM durante a solenidade de abertura do Dia Mar\u00edtimo Mundial, realizada no \u00a0CIAGA<\/span><\/p>\n","protected":false},"excerpt":{"rendered":"<p>No \u00faltimo dia 25 de setembro de 2014, em cerim\u00f4nia presidida pelo Chefe do Estado-Maior da Armada (CEMA), Almirante-de-Esquadra Carlos Augusto de Sousa, foi realizada&#8230;<\/p>\n","protected":false},"author":1182,"featured_media":8423,"comment_status":"closed","ping_status":"closed","sticky":false,"template":"","format":"standard","meta":{"footnotes":""},"categories":[6],"tags":[16,444,1092,146,922,19,1090,314,17],"class_list":["post-8422","post","type-post","status-publish","format-standard","has-post-thumbnail","hentry","category-noticias","tag-ciaga","tag-dia","tag-diretoria","tag-dpc","tag-evento","tag-maritimo","tag-mundial","tag-presidente","tag-sincomam"],"_links":{"self":[{"href":"https:\/\/www.sincomam.org.br\/index.php\/wp-json\/wp\/v2\/posts\/8422","targetHints":{"allow":["GET"]}}],"collection":[{"href":"https:\/\/www.sincomam.org.br\/index.php\/wp-json\/wp\/v2\/posts"}],"about":[{"href":"https:\/\/www.sincomam.org.br\/index.php\/wp-json\/wp\/v2\/types\/post"}],"author":[{"embeddable":true,"href":"https:\/\/www.sincomam.org.br\/index.php\/wp-json\/wp\/v2\/users\/1182"}],"replies":[{"embeddable":true,"href":"https:\/\/www.sincomam.org.br\/index.php\/wp-json\/wp\/v2\/comments?post=8422"}],"version-history":[{"count":10,"href":"https:\/\/www.sincomam.org.br\/index.php\/wp-json\/wp\/v2\/posts\/8422\/revisions"}],"predecessor-version":[{"id":8473,"href":"https:\/\/www.sincomam.org.br\/index.php\/wp-json\/wp\/v2\/posts\/8422\/revisions\/8473"}],"wp:featuredmedia":[{"embeddable":true,"href":"https:\/\/www.sincomam.org.br\/index.php\/wp-json\/wp\/v2\/media\/8423"}],"wp:attachment":[{"href":"https:\/\/www.sincomam.org.br\/index.php\/wp-json\/wp\/v2\/media?parent=8422"}],"wp:term":[{"taxonomy":"category","embeddable":true,"href":"https:\/\/www.sincomam.org.br\/index.php\/wp-json\/wp\/v2\/categories?post=8422"},{"taxonomy":"post_tag","embeddable":true,"href":"https:\/\/www.sincomam.org.br\/index.php\/wp-json\/wp\/v2\/tags?post=8422"}],"curies":[{"name":"wp","href":"https:\/\/api.w.org\/{rel}","templated":true}]}}