{"id":8419,"date":"2014-10-16T08:21:14","date_gmt":"2014-10-16T11:21:14","guid":{"rendered":"http:\/\/www.sincomam.org.br\/?p=8419"},"modified":"2014-10-16T10:54:50","modified_gmt":"2014-10-16T13:54:50","slug":"incendio-no-parque-nacional-da-serra-dos-orgaos-ja-atinge-575-hectares-na-regiao-de-petropolis-rj","status":"publish","type":"post","link":"https:\/\/www.sincomam.org.br\/index.php\/incendio-no-parque-nacional-da-serra-dos-orgaos-ja-atinge-575-hectares-na-regiao-de-petropolis-rj\/","title":{"rendered":"Inc\u00eandio no Parque Nacional da Serra dos \u00d3rg\u00e3os j\u00e1 atinge 575 hectares na regi\u00e3o de Petr\u00f3polis (RJ)"},"content":{"rendered":"<p><strong><strong><em>Brigadistas tentam controlar chamas desde segunda-feira. Alguns animais foram encontrados feridos e outros, mortos<br \/><\/em><\/strong><\/strong><\/p>\n<p>O inc\u00eandio que atinge o Parque Nacional da Serra dos \u00d3rg\u00e3os, em Petr\u00f3polis, na Regi\u00e3o Serrana, j\u00e1 consumiu, pelo menos, 575 hectares de vegeta\u00e7\u00e3o, de acordo com a administra\u00e7\u00e3o da unidade de conserva\u00e7\u00e3o federal.\u00a0A \u00e1rea \u00e9 equivalente a 575 campos de futebol. <\/p>\n<p>De acordo com os brigadistas, o fogo est\u00e1 concentrado no Morro do Mamute, uma \u00e1rea de dif\u00edcil acesso. Segundo a administra\u00e7\u00e3o do parque, existem pontos em que seria necess\u00e1ria uma caminhada de quatro horas para chegar aos focos de inc\u00eandio. Por terra, o combate \u00e9 feito com o uso de abafadores. Os brigadistas tamb\u00e9m levam &#8220;sacos costais&#8221;, equipamentos com capacidade para transportar 20 litros de \u00e1gua.<\/p>\n<p>&#8211; O problema \u00e9 que existem lugares que n\u00e3o conseguimos chegar sem o aux\u00edlio de um helic\u00f3ptero. Vamos distribuir a equipe com 50 brigadistas por terra, mas \u00e9 dif\u00edcil eleger prioridades. A situa\u00e7\u00e3o est\u00e1 cr\u00edtica e fora de controle dentro do parque &#8211; disse o secret\u00e1rio- executivo do Parque Nacional da Serra dos \u00d3rg\u00e3os, Luiz Felipe Pimentel.<\/p>\n<p>Quatro helic\u00f3pteros j\u00e1 chegaram a Petr\u00f3polis, na Regi\u00e3o Serrana, para auxiliar no combate \u00e0s chamas que atingem a cidade desde a semana passada, mas, de acordo com os bombeiros, as aeronaves ainda n\u00e3o conseguiram atuar na \u00e1rea do parque devido \u00e0 falta de condi\u00e7\u00f5es de voo e, por isso, foram levadas para Itaipava. Na regi\u00e3o, 140 bombeiros atuavam no combate \u00e0s chamas em localidades como a Fazenda Manga Larga e a Fazenda Boa Esperan\u00e7a nesta quarta-feira. J\u00e1 no parque nacional, o trabalho \u00e9 feito por homens do Instituto Chico Mendes de Biodiversidade (ICMBio) e do PrevFogo, brigada de inc\u00eandio do Instituto Brasileiro do Meio Ambiente e dos Recursos Naturais Renov\u00e1veis (Ibama).<\/p>\n<p><strong>Foco<\/strong><\/p>\n<p>Os focos de inc\u00eandio no Parque Nacional da Serra dos \u00d3rg\u00e3os come\u00e7aram na regi\u00e3o do Bonfim, em Corr\u00eaas, bairro de Petr\u00f3polis. A unidade de conserva\u00e7\u00e3o federal, que tem mais de 20 mil hectares protegidos, ainda abrange os munic\u00edpios de Teres\u00f3polis, Mag\u00e9 e Guapimirim. S\u00e3o 3.683 esp\u00e9cies da fauna e flora, sendo 883 delas animais \u2013 130 dos quais amea\u00e7ados de extin\u00e7\u00e3o. Alguns deles foram encontrados carbonizados pelas equipes de combatem o fogo. Nesta quarta-feira, veterin\u00e1rios foram levadas para a regi\u00e3o do Mata Porcos, no Bonfim, para tentar resgatar animais feridos e fazer o levantamento sobre as esp\u00e9cies mortas. Em pouco mais de uma semana, os inc\u00eandios florestais j\u00e1 destru\u00edram mais 2.400 hectares de vegeta\u00e7\u00e3o em Petr\u00f3polis.<\/p>\n<p><strong>Preocupa\u00e7\u00e3o dos Moradores<\/strong><\/p>\n<p>O inc\u00eandio no Parque Nacional da Serra dos \u00d3rg\u00e3os assusta moradores da Regi\u00e3o Serrana. A grande quantidade de fuma\u00e7a e a fuligem oriunda das queimadas j\u00e1 atinge casas em distritos no entorno da unidade de conserva\u00e7\u00e3o, como na Vila de Secret\u00e1rio. O empres\u00e1rio George Court disse, nesta quarta-feira, que a qualidade do ar e a visibilidade est\u00e3o muito ruins.<\/p>\n<p>As \u00e1reas mais atingidas de Secret\u00e1rio s\u00e3o o Capim Roxo, Mata Nova e o Centro. A jornalista Judith Senra levou um susto quando voltou de viagem na noite de ter\u00e7a-feira. Pelo caminho, na estrada de terra, ela e o marido viram v\u00e1rios focos de inc\u00eandio. De noite, segundo ela, o cen\u00e1rio era assustador.<\/p>\n<p>Fonte: O Globo<\/p>\n","protected":false},"excerpt":{"rendered":"<p>Brigadistas tentam controlar chamas desde segunda-feira. Alguns animais foram encontrados feridos e outros, mortos O inc\u00eandio que atinge o Parque Nacional da Serra dos \u00d3rg\u00e3os,&#8230;<\/p>\n","protected":false},"author":1182,"featured_media":8420,"comment_status":"closed","ping_status":"closed","sticky":false,"template":"","format":"standard","meta":{"footnotes":""},"categories":[6],"tags":[115,1362,1419,1417,1420,59,1418,1421],"class_list":["post-8419","post","type-post","status-publish","format-standard","has-post-thumbnail","hentry","category-noticias","tag-incendio","tag-nacional","tag-orgaos","tag-parque","tag-regiao","tag-rio-de-janeiro","tag-serra","tag-serrana"],"_links":{"self":[{"href":"https:\/\/www.sincomam.org.br\/index.php\/wp-json\/wp\/v2\/posts\/8419","targetHints":{"allow":["GET"]}}],"collection":[{"href":"https:\/\/www.sincomam.org.br\/index.php\/wp-json\/wp\/v2\/posts"}],"about":[{"href":"https:\/\/www.sincomam.org.br\/index.php\/wp-json\/wp\/v2\/types\/post"}],"author":[{"embeddable":true,"href":"https:\/\/www.sincomam.org.br\/index.php\/wp-json\/wp\/v2\/users\/1182"}],"replies":[{"embeddable":true,"href":"https:\/\/www.sincomam.org.br\/index.php\/wp-json\/wp\/v2\/comments?post=8419"}],"version-history":[{"count":1,"href":"https:\/\/www.sincomam.org.br\/index.php\/wp-json\/wp\/v2\/posts\/8419\/revisions"}],"predecessor-version":[{"id":8421,"href":"https:\/\/www.sincomam.org.br\/index.php\/wp-json\/wp\/v2\/posts\/8419\/revisions\/8421"}],"wp:featuredmedia":[{"embeddable":true,"href":"https:\/\/www.sincomam.org.br\/index.php\/wp-json\/wp\/v2\/media\/8420"}],"wp:attachment":[{"href":"https:\/\/www.sincomam.org.br\/index.php\/wp-json\/wp\/v2\/media?parent=8419"}],"wp:term":[{"taxonomy":"category","embeddable":true,"href":"https:\/\/www.sincomam.org.br\/index.php\/wp-json\/wp\/v2\/categories?post=8419"},{"taxonomy":"post_tag","embeddable":true,"href":"https:\/\/www.sincomam.org.br\/index.php\/wp-json\/wp\/v2\/tags?post=8419"}],"curies":[{"name":"wp","href":"https:\/\/api.w.org\/{rel}","templated":true}]}}