{"id":8417,"date":"2014-10-16T08:00:34","date_gmt":"2014-10-16T11:00:34","guid":{"rendered":"http:\/\/www.sincomam.org.br\/?p=8417"},"modified":"2014-10-16T10:53:30","modified_gmt":"2014-10-16T13:53:30","slug":"sabesp-e-possivel-garantir-agua-ate-meados-de-novembro","status":"publish","type":"post","link":"https:\/\/www.sincomam.org.br\/index.php\/sabesp-e-possivel-garantir-agua-ate-meados-de-novembro\/","title":{"rendered":"Sabesp (SP): \u00c9 poss\u00edvel garantir \u00e1gua at\u00e9 meados de novembro"},"content":{"rendered":"<p>A presidente da Sabesp, Dilma Pena, disse nesta quarta-feira durante seu depoimento na Comiss\u00e3o Parlamentar de Inqu\u00e9rito (CPI) da C\u00e2mara Municipal de S\u00e3o Paulo que, se a companhia tivesse seguido sugest\u00f5es de interessados, a \u00e1gua j\u00e1 teria acabado. Ela disse \u201cn\u00e3o ter nenhum problema com a palavra racionamento\u201d e afirmou que, se a companhia tivesse adotado somente um sistema de racionamento, em fevereiro, a \u00e1gua teria acabado em agosto. \u201cTemos simula\u00e7\u00f5es para a melhor utiliza\u00e7\u00e3o da \u00e1gua dispon\u00edvel.\u201d<\/p>\n<p>Ela afirmou que a estrat\u00e9gia adotada pela empresa levou em conta a previsibilidade, engenharia e gest\u00e3o. Dilma Pena disse que, se adotado um sistema de racionamento de dois dias com \u00e1gua e 1,5 dia sem \u00e1gua, no segundo m\u00eas do ano, a cidade j\u00e1\u00a0 estaria sem \u00e1gua. Ela disse que n\u00e3o daria para combinar a estrat\u00e9gia de concess\u00e3o de descontos para os consumidores e, ao mesmo tempo, deixar a popula\u00e7\u00e3o sem \u00e1gua.<\/p>\n<p>Dilma Pena foi questionada sobre quando vai faltar \u00e1gua e disse que o \u201cassunto \u00e9 complexo\u201d, que n\u00e3o \u00e9 de \u201csim ou n\u00e3o\u201d. Mantendo esse regime de chuvas, \u00e9 garantido o fornecimento de \u00e1gua at\u00e9 meados de novembro, afirmou a executiva. Segundo ela, as obras para a segunda cota do volume morto est\u00e3o licenciadas. \u201cN\u00e3o estamos parados esperando a chuva\u201d, comentou.<\/p>\n<p>A presidente da Sabesp afirmou que as chuvas de primavera n\u00e3o est\u00e3o acontecendo neste ano, que a temperatura est\u00e1 mais alta e que a companhia est\u00e1 \u201cfazendo um esfor\u00e7o enorme\u201d para garantir o abastecimento. Segundo ela, no Sistema Cantareira, a m\u00e9dia \u00e9 de 131 mil\u00edmetros em outubro e, at\u00e9 hoje, choveu 0,4 mil\u00edmetros. \u201cEstamos trabalhando para manter a rede pressurizada\u201d, disse. \u201cH\u00e1 um esfor\u00e7o enorme, com toda a equipe em campo.\u201d<\/p>\n<p>Ela afirmou tamb\u00e9m que a temperatura est\u00e1 mais alta e que houve uma avaria em uma das regi\u00f5es em que faltou \u00e1gua e outro problema em uma rede na Brigadeiro \u2014 uma das principais avenidas da capital paulista \u2014, que afetou cinco mil pessoas durante o problema.<\/p>\n<p>Dilma Pena disse ainda que o programa de b\u00f4nus para quem reduz o consumo de \u00e1gua tem mostrado que a comunica\u00e7\u00e3o est\u00e1 funcionando com a popula\u00e7\u00e3o. \u201cPrecisamos nos unir, a seca est\u00e1 muito severa.\u201d Ela comentou que a Sabesp est\u00e1 acompanhando os desafios e que os cientistas que acompanham o caso est\u00e3o tensos&#8221;. Ainda assim, segundo ela, n\u00e3o h\u00e1 nenhum bairro que fique sem \u00e1gua por 12 horas seguidas.\u00a0<\/p>\n<p><strong>Po\u00e7os artesianos<\/strong><\/p>\n<p>A presidente da Sabesp defendeu tamb\u00e9m que a abertura de po\u00e7os na cidade de S\u00e3o Paulo n\u00e3o resolve o problema da \u00e1gua. Ainda que, eventualmente, possa gerar algum resultado em edifica\u00e7\u00f5es. Ela acrescentou que \u00e9 preciso que a \u00e1gua distribu\u00edda tenha tratamento eficaz. A sugest\u00e3o da abertura de po\u00e7os foi feita recentemente pelo prefeito Fernando Haddad (PT).<\/p>\n<p>Durante a sabatina, a executiva disse tamb\u00e9m que a depend\u00eancia da \u00e1gua do Sistema Cantareira n\u00e3o \u00e9 a mesma de uma d\u00e9cada atr\u00e1s. Ela havia sido questionada sobre essa depend\u00eancia e disse que a Sabesp elevou a produ\u00e7\u00e3o de \u00e1gua e, assim, a depend\u00eancia \u201cdiminuiu muito\u201d.<\/p>\n<p>Fonte: Valor Econ\u00f4mico<\/p>\n","protected":false},"excerpt":{"rendered":"<p>A presidente da Sabesp, Dilma Pena, disse nesta quarta-feira durante seu depoimento na Comiss\u00e3o Parlamentar de Inqu\u00e9rito (CPI) da C\u00e2mara Municipal de S\u00e3o Paulo que,&#8230;<\/p>\n","protected":false},"author":1182,"featured_media":4838,"comment_status":"closed","ping_status":"closed","sticky":false,"template":"","format":"standard","meta":{"footnotes":""},"categories":[6],"tags":[],"class_list":["post-8417","post","type-post","status-publish","format-standard","has-post-thumbnail","hentry","category-noticias"],"_links":{"self":[{"href":"https:\/\/www.sincomam.org.br\/index.php\/wp-json\/wp\/v2\/posts\/8417","targetHints":{"allow":["GET"]}}],"collection":[{"href":"https:\/\/www.sincomam.org.br\/index.php\/wp-json\/wp\/v2\/posts"}],"about":[{"href":"https:\/\/www.sincomam.org.br\/index.php\/wp-json\/wp\/v2\/types\/post"}],"author":[{"embeddable":true,"href":"https:\/\/www.sincomam.org.br\/index.php\/wp-json\/wp\/v2\/users\/1182"}],"replies":[{"embeddable":true,"href":"https:\/\/www.sincomam.org.br\/index.php\/wp-json\/wp\/v2\/comments?post=8417"}],"version-history":[{"count":2,"href":"https:\/\/www.sincomam.org.br\/index.php\/wp-json\/wp\/v2\/posts\/8417\/revisions"}],"predecessor-version":[{"id":8439,"href":"https:\/\/www.sincomam.org.br\/index.php\/wp-json\/wp\/v2\/posts\/8417\/revisions\/8439"}],"wp:featuredmedia":[{"embeddable":true,"href":"https:\/\/www.sincomam.org.br\/index.php\/wp-json\/wp\/v2\/media\/4838"}],"wp:attachment":[{"href":"https:\/\/www.sincomam.org.br\/index.php\/wp-json\/wp\/v2\/media?parent=8417"}],"wp:term":[{"taxonomy":"category","embeddable":true,"href":"https:\/\/www.sincomam.org.br\/index.php\/wp-json\/wp\/v2\/categories?post=8417"},{"taxonomy":"post_tag","embeddable":true,"href":"https:\/\/www.sincomam.org.br\/index.php\/wp-json\/wp\/v2\/tags?post=8417"}],"curies":[{"name":"wp","href":"https:\/\/api.w.org\/{rel}","templated":true}]}}