{"id":8370,"date":"2014-10-15T10:53:48","date_gmt":"2014-10-15T13:53:48","guid":{"rendered":"http:\/\/www.sincomam.org.br\/?p=8370"},"modified":"2014-10-15T10:54:03","modified_gmt":"2014-10-15T13:54:03","slug":"crise-hidrica-em-sao-paulo-faz-preco-do-frete-maritimo-avancar","status":"publish","type":"post","link":"https:\/\/www.sincomam.org.br\/index.php\/crise-hidrica-em-sao-paulo-faz-preco-do-frete-maritimo-avancar\/","title":{"rendered":"Crise h\u00eddrica em S\u00e3o Paulo faz pre\u00e7o do frete mar\u00edtimo avan\u00e7ar"},"content":{"rendered":"<p>A seca no interior de S\u00e3o Paulo tem diminu\u00eddo o transporte via hidrovias. Segundo a Federa\u00e7\u00e3o da Agricultura e Pecu\u00e1ria de Goi\u00e1s (Faeg), a seca pressionou o pre\u00e7o do frete. Estima-se que a baixa navegabilidade na Tiet\u00ea-Paran\u00e1 transferiu por m\u00eas 126 mil toneladas de cargas \u00e0s rodovias.<\/p>\n<p>&#8220;O problema das hidrovias, em tempos de seca, \u00e9 que as condi\u00e7\u00f5es clim\u00e1ticas podem tirar a navegabilidade&#8221;, diz o especialista em hidrovias e doutor em navega\u00e7\u00e3o da Universidade Federal do Rio de Janeiro (UFRJ), Maur\u00edcio Cruzes.<\/p>\n<p>De acordo com o superintendente da administradora da Hidrovia do Paran\u00e1, Ahrana, Ant\u00f4nio Badih Chehin, j\u00e1 est\u00e1 em curso um Estudo de Viabilidade T\u00e9cnico-Econ\u00f4mica e Ambiental (EVTEA) da hidrovia. &#8220;Hoje, a utiliza\u00e7\u00e3o da Hidrovia Paran\u00e1-Tiet\u00ea tem capacidade para transportar at\u00e9 6,2 milh\u00f5es de toneladas de cargas por ano. A inten\u00e7\u00e3o \u00e9 chegar a 2020 com capacidade de 50 milh\u00f5es de toneladas ao ano.&#8221;<\/p>\n<p>A perspectiva do executivo \u00e9 que o investimento nas obras some R$ 2,4 bilh\u00f5es, com previs\u00e3o de conclus\u00e3o para 2025. &#8220;Os pa\u00edses da Europa que apostaram em hidrovias foram os primeiros a sair da crise econ\u00f4mica&#8221;, disse o superintendente da Ahrana<\/p>\n<p>Papel do governo<\/p>\n<p>Para o presidente da Faeg, Leonardo Ribeiro, a interven\u00e7\u00e3o do governo \u00e9 fundamental. &#8220;\u00c9 uma incoer\u00eancia muito grande um pa\u00eds que tem hoje a maior malha hidrovi\u00e1ria do planeta, n\u00e3o fazer uso desse modal&#8221;, disse ele, acrescentando que &#8220;as mudan\u00e7as podem proporcionar a redu\u00e7\u00e3o significativa de custos e o aumento da capacidade produtiva do setor agropecu\u00e1rio. No entanto, se n\u00e3o integrarmos o trem, o caminh\u00e3o e a hidrovia, os nossos esfor\u00e7os ser\u00e3o em v\u00e3o&#8221;.<\/p>\n<p>Para o diretor de log\u00edstica da Caramuru, Ant\u00f4nio Ismael Ballan, o momento atual pelo qual as hidrovias est\u00e3o passando tamb\u00e9m \u00e9 causado por mitos. &#8220;Precisamos desmistificar a ideia de que n\u00e3o h\u00e1 \u00e1gua. \u00c9 claro que existem gargalos e que h\u00e1 muito para melhorar, mas esse \u00e9 um bom modal.&#8221;<\/p>\n<p>Fonte: DCI\/Paula Cristina<\/p>\n","protected":false},"excerpt":{"rendered":"<p>A seca no interior de S\u00e3o Paulo tem diminu\u00eddo o transporte via hidrovias. Segundo a Federa\u00e7\u00e3o da Agricultura e Pecu\u00e1ria de Goi\u00e1s (Faeg), a seca&#8230;<\/p>\n","protected":false},"author":1182,"featured_media":8371,"comment_status":"closed","ping_status":"closed","sticky":false,"template":"","format":"standard","meta":{"footnotes":""},"categories":[6],"tags":[],"class_list":["post-8370","post","type-post","status-publish","format-standard","has-post-thumbnail","hentry","category-noticias"],"_links":{"self":[{"href":"https:\/\/www.sincomam.org.br\/index.php\/wp-json\/wp\/v2\/posts\/8370","targetHints":{"allow":["GET"]}}],"collection":[{"href":"https:\/\/www.sincomam.org.br\/index.php\/wp-json\/wp\/v2\/posts"}],"about":[{"href":"https:\/\/www.sincomam.org.br\/index.php\/wp-json\/wp\/v2\/types\/post"}],"author":[{"embeddable":true,"href":"https:\/\/www.sincomam.org.br\/index.php\/wp-json\/wp\/v2\/users\/1182"}],"replies":[{"embeddable":true,"href":"https:\/\/www.sincomam.org.br\/index.php\/wp-json\/wp\/v2\/comments?post=8370"}],"version-history":[{"count":1,"href":"https:\/\/www.sincomam.org.br\/index.php\/wp-json\/wp\/v2\/posts\/8370\/revisions"}],"predecessor-version":[{"id":8372,"href":"https:\/\/www.sincomam.org.br\/index.php\/wp-json\/wp\/v2\/posts\/8370\/revisions\/8372"}],"wp:featuredmedia":[{"embeddable":true,"href":"https:\/\/www.sincomam.org.br\/index.php\/wp-json\/wp\/v2\/media\/8371"}],"wp:attachment":[{"href":"https:\/\/www.sincomam.org.br\/index.php\/wp-json\/wp\/v2\/media?parent=8370"}],"wp:term":[{"taxonomy":"category","embeddable":true,"href":"https:\/\/www.sincomam.org.br\/index.php\/wp-json\/wp\/v2\/categories?post=8370"},{"taxonomy":"post_tag","embeddable":true,"href":"https:\/\/www.sincomam.org.br\/index.php\/wp-json\/wp\/v2\/tags?post=8370"}],"curies":[{"name":"wp","href":"https:\/\/api.w.org\/{rel}","templated":true}]}}