{"id":8361,"date":"2014-10-15T08:15:37","date_gmt":"2014-10-15T11:15:37","guid":{"rendered":"http:\/\/www.sincomam.org.br\/?p=8361"},"modified":"2014-10-15T12:39:55","modified_gmt":"2014-10-15T15:39:55","slug":"senai-tem-inscricoes-abertas-para-238-mil-vagas-em-cursos-gratuitos-via-pronatec","status":"publish","type":"post","link":"https:\/\/www.sincomam.org.br\/index.php\/senai-tem-inscricoes-abertas-para-238-mil-vagas-em-cursos-gratuitos-via-pronatec\/","title":{"rendered":"Senai tem inscri\u00e7\u00f5es abertas para 23,8 mil vagas em cursos gratuitos via Pronatec"},"content":{"rendered":"<p>O Servi\u00e7o Nacional de Aprendizagem Industrial (Senai) oferece 23.780 vagas em cursos gratuitos de qualifica\u00e7\u00e3o profissional pelo Programa Nacional de Acesso ao Ensino T\u00e9cnico e Emprego (Pronatec).<\/p>\n<p>As oportunidades s\u00e3o em diversas \u00e1reas de atua\u00e7\u00e3o industrial em todos os estados do pa\u00eds e no Distrito Federal.<\/p>\n<p>O levantamento da disponibilidade de vagas ainda abertas foi realizado nesta quinta-feira (9).<\/p>\n<p>Os interessados devem fazer a inscri\u00e7\u00e3o no site do Pronatec. Basta procurar a oferta por unidade do Senai.<\/p>\n<p>\u00c9 bom lembrar que o n\u00famero de vagas \u00e9 limitado e o prazo para a matr\u00edcula \u00e9 vari\u00e1vel.<\/p>\n<p>Os cursos de qualifica\u00e7\u00e3o profissional s\u00e3o de carga hor\u00e1ria m\u00ednima de 160 horas e destinados a maiores de 15 anos, com escolaridade vari\u00e1vel de acordo com o exerc\u00edcio da profiss\u00e3o.<\/p>\n<p>Eles t\u00eam o objetivo de propiciar forma\u00e7\u00e3o inicial e continuada que oportunizam aquisi\u00e7\u00e3o e\/ou complementa\u00e7\u00e3o de conhecimentos em diversas \u00e1reas da ind\u00fastria, permitindo a capacita\u00e7\u00e3o e atualiza\u00e7\u00e3o exigida pelo mundo do trabalho.<\/p>\n<p>Ao fim do curso, o profissional recebe um certificado e, por consequ\u00eancia, um t\u00edtulo profissional com equival\u00eancia \u00e0 legisla\u00e7\u00e3o trabalhista, reconhecido pelo mercado de trabalho.<\/p>\n<p>Confira a rela\u00e7\u00e3o de vagas abertas por estado e os cursos clicando <a href=\"http:\/\/www.portaldaindustria.com.br\/cni\/imprensa\/2014\/10\/1,48348\/senai-tem-inscricoes-abertas-para-23-8-mil-vagas-em-cursos-gratuitos-via-pronatec.html\" target=\"_blank\">aqui.<\/a><\/p>\n<p>Fonte: CNI<\/p>\n","protected":false},"excerpt":{"rendered":"<p>O Servi\u00e7o Nacional de Aprendizagem Industrial (Senai) oferece 23.780 vagas em cursos gratuitos de qualifica\u00e7\u00e3o profissional pelo Programa Nacional de Acesso ao Ensino T\u00e9cnico e&#8230;<\/p>\n","protected":false},"author":1182,"featured_media":3546,"comment_status":"closed","ping_status":"closed","sticky":false,"template":"","format":"standard","meta":{"footnotes":""},"categories":[6],"tags":[],"class_list":["post-8361","post","type-post","status-publish","format-standard","has-post-thumbnail","hentry","category-noticias"],"_links":{"self":[{"href":"https:\/\/www.sincomam.org.br\/index.php\/wp-json\/wp\/v2\/posts\/8361","targetHints":{"allow":["GET"]}}],"collection":[{"href":"https:\/\/www.sincomam.org.br\/index.php\/wp-json\/wp\/v2\/posts"}],"about":[{"href":"https:\/\/www.sincomam.org.br\/index.php\/wp-json\/wp\/v2\/types\/post"}],"author":[{"embeddable":true,"href":"https:\/\/www.sincomam.org.br\/index.php\/wp-json\/wp\/v2\/users\/1182"}],"replies":[{"embeddable":true,"href":"https:\/\/www.sincomam.org.br\/index.php\/wp-json\/wp\/v2\/comments?post=8361"}],"version-history":[{"count":1,"href":"https:\/\/www.sincomam.org.br\/index.php\/wp-json\/wp\/v2\/posts\/8361\/revisions"}],"predecessor-version":[{"id":8362,"href":"https:\/\/www.sincomam.org.br\/index.php\/wp-json\/wp\/v2\/posts\/8361\/revisions\/8362"}],"wp:featuredmedia":[{"embeddable":true,"href":"https:\/\/www.sincomam.org.br\/index.php\/wp-json\/wp\/v2\/media\/3546"}],"wp:attachment":[{"href":"https:\/\/www.sincomam.org.br\/index.php\/wp-json\/wp\/v2\/media?parent=8361"}],"wp:term":[{"taxonomy":"category","embeddable":true,"href":"https:\/\/www.sincomam.org.br\/index.php\/wp-json\/wp\/v2\/categories?post=8361"},{"taxonomy":"post_tag","embeddable":true,"href":"https:\/\/www.sincomam.org.br\/index.php\/wp-json\/wp\/v2\/tags?post=8361"}],"curies":[{"name":"wp","href":"https:\/\/api.w.org\/{rel}","templated":true}]}}