{"id":8354,"date":"2014-10-14T12:44:00","date_gmt":"2014-10-14T15:44:00","guid":{"rendered":"http:\/\/www.sincomam.org.br\/?p=8354"},"modified":"2014-10-17T11:39:20","modified_gmt":"2014-10-17T14:39:20","slug":"dia-maritimo-mundial","status":"publish","type":"post","link":"https:\/\/www.sincomam.org.br\/index.php\/dia-maritimo-mundial\/","title":{"rendered":"Dia Mar\u00edtimo Mundial"},"content":{"rendered":"<p>A diretoria do<strong><span style=\"color: #0000ff;\"> SINCOMAM<\/span><\/strong> esteve presente durante a\u00a0<span>solenidade do <strong>Dia Mar\u00edtimo Mundial,<\/strong> realizada no dia 25 de setembro de 2014, no <strong>CIAGA<\/strong> &#8211;\u00a0<\/span>Centro de Instru\u00e7\u00e3o Almirante Gra\u00e7a Aranha,<span>\u00a0localizado no Rio de Janeiro<\/span>.<br \/>\u00a0 \u00a0 \u00a0 \u00a0 \u00a0 \u00a0 \u00a0 \u00a0 \u00a0 \u00a0 \u00a0 \u00a0 \u00a0 \u00a0 \u00a0 \u00a0 \u00a0 \u00a0 \u00a0 \u00a0 \u00a0 \u00a0 \u00a0 \u00a0 \u00a0 \u00a0<strong> Clique na foto para ampliar:<\/strong><\/p>\n\n\t\t\t<div id='gallery-8354-1' class='gallery gallery-8354'>\n\t\t\t\t<div class='gallery-row gallery-col-3 gallery-clear'>\n\t\t\t\t\t<figure class='gallery-item col-3'>\n\t\t\t\t\t\t<div class='gallery-icon '><a href='https:\/\/www.sincomam.org.br\/index.php\/dia-maritimo-mundial\/imagem-077\/'><img decoding=\"async\" width=\"150\" height=\"150\" src=\"https:\/\/www.sincomam.org.br\/wp-content\/uploads\/2014\/10\/Imagem-077-150x150.jpg\" class=\"attachment-thumbnail size-thumbnail\" alt=\"\" \/><\/a><\/div>\n\t\t\t\t\t\t<figcaption class='gallery-caption'>Presidente do SINCOMAM, Alcir Albernoz  (direita) cumprimentando o Diretor de Portos e Costas Vice-Almirante Claudio Portugal de Viveiros (esquerda)<\/figcaption>\n\t\t\t\t\t<\/figure>\n\t\t\t\t\t<figure class='gallery-item col-3'>\n\t\t\t\t\t\t<div class='gallery-icon '><a href='https:\/\/www.sincomam.org.br\/index.php\/dia-maritimo-mundial\/imagem-075\/'><img decoding=\"async\" width=\"150\" height=\"150\" src=\"https:\/\/www.sincomam.org.br\/wp-content\/uploads\/2014\/10\/Imagem-075-150x150.jpg\" class=\"attachment-thumbnail size-thumbnail\" alt=\"\" \/><\/a><\/div>\n\t\t\t\t\t\t<figcaption class='gallery-caption'>Diretoria do SINCOMAM<\/figcaption>\n\t\t\t\t\t<\/figure>\n\t\t\t\t\t<figure class='gallery-item col-3'>\n\t\t\t\t\t\t<div class='gallery-icon '><a href='https:\/\/www.sincomam.org.br\/index.php\/dia-maritimo-mundial\/imagem-060\/'><img decoding=\"async\" width=\"150\" height=\"150\" src=\"https:\/\/www.sincomam.org.br\/wp-content\/uploads\/2014\/10\/Imagem-060-150x150.jpg\" class=\"attachment-thumbnail size-thumbnail\" alt=\"\" \/><\/a><\/div>\n\t\t\t\t\t\t<figcaption class='gallery-caption'>Capit\u00e3o de Longo Curso S\u00e9rgio Mar\u00e7al Franco recebe o Distintivo de Comodoro<\/figcaption>\n\t\t\t\t\t<\/figure>\n\t\t\t\t<\/div>\n\t\t\t\t<div class='gallery-row gallery-col-3 gallery-clear'>\n\t\t\t\t\t<figure class='gallery-item col-3'>\n\t\t\t\t\t\t<div class='gallery-icon '><a href='https:\/\/www.sincomam.org.br\/index.php\/dia-maritimo-mundial\/imagem-055\/'><img loading=\"lazy\" decoding=\"async\" width=\"150\" height=\"150\" src=\"https:\/\/www.sincomam.org.br\/wp-content\/uploads\/2014\/10\/Imagem-055-150x150.jpg\" class=\"attachment-thumbnail size-thumbnail\" alt=\"\" \/><\/a><\/div>\n\t\t\t\t\t\t<figcaption class='gallery-caption'>Capit\u00e3o de Longo Curso S\u00e9rgio Mar\u00e7al Franco recebe o Distintivo de Comodoro<\/figcaption>\n\t\t\t\t\t<\/figure>\n\t\t\t\t\t<figure class='gallery-item col-3'>\n\t\t\t\t\t\t<div class='gallery-icon '><a href='https:\/\/www.sincomam.org.br\/index.php\/dia-maritimo-mundial\/imagem-074\/'><img loading=\"lazy\" decoding=\"async\" width=\"150\" height=\"150\" src=\"https:\/\/www.sincomam.org.br\/wp-content\/uploads\/2014\/10\/Imagem-074-150x150.jpg\" class=\"attachment-thumbnail size-thumbnail\" alt=\"\" \/><\/a><\/div>\n\t\t\t\t\t\t<figcaption class='gallery-caption'>Homenagem feita ao Visconde de Mau\u00e1<\/figcaption>\n\t\t\t\t\t<\/figure>\n\t\t\t\t\t<figure class='gallery-item col-3'>\n\t\t\t\t\t\t<div class='gallery-icon '><a href='https:\/\/www.sincomam.org.br\/index.php\/dia-maritimo-mundial\/imagem-065\/'><img loading=\"lazy\" decoding=\"async\" width=\"150\" height=\"150\" src=\"https:\/\/www.sincomam.org.br\/wp-content\/uploads\/2014\/10\/Imagem-065-150x150.jpg\" class=\"attachment-thumbnail size-thumbnail\" alt=\"\" \/><\/a><\/div>\n\t\t\t\t\t\t<figcaption class='gallery-caption'>Capit\u00e3o de Longo Curso S\u00e9rgio Mar\u00e7al Franco ap\u00f3s a entrega do Distintivo de Comodoro<\/figcaption>\n\t\t\t\t\t<\/figure>\n\t\t\t\t<\/div>\n\t\t\t\t<div class='gallery-row gallery-col-3 gallery-clear'>\n\t\t\t\t\t<figure class='gallery-item col-3'>\n\t\t\t\t\t\t<div class='gallery-icon '><a href='https:\/\/www.sincomam.org.br\/index.php\/dia-maritimo-mundial\/imagem-067\/'><img loading=\"lazy\" decoding=\"async\" width=\"150\" height=\"150\" src=\"https:\/\/www.sincomam.org.br\/wp-content\/uploads\/2014\/10\/Imagem-067-150x150.jpg\" class=\"attachment-thumbnail size-thumbnail\" alt=\"\" \/><\/a><\/div>\n\t\t\t\t\t\t<figcaption class='gallery-caption'>Representantes e autoridades da Marinha do Brasil<\/figcaption>\n\t\t\t\t\t<\/figure>\n\t\t\t<\/div>\n\t\t\t<\/div><!-- .gallery -->\n\n","protected":false},"excerpt":{"rendered":"<p>A diretoria do SINCOMAM esteve presente durante a\u00a0solenidade do Dia Mar\u00edtimo Mundial, realizada no dia 25 de setembro de 2014, no CIAGA &#8211;\u00a0Centro de Instru\u00e7\u00e3o&#8230;<\/p>\n","protected":false},"author":1182,"featured_media":0,"comment_status":"closed","ping_status":"closed","sticky":false,"template":"","format":"standard","meta":{"footnotes":""},"categories":[33,4],"tags":[],"class_list":["post-8354","post","type-post","status-publish","format-standard","hentry","category-fotos-galeria","category-galeria"],"_links":{"self":[{"href":"https:\/\/www.sincomam.org.br\/index.php\/wp-json\/wp\/v2\/posts\/8354","targetHints":{"allow":["GET"]}}],"collection":[{"href":"https:\/\/www.sincomam.org.br\/index.php\/wp-json\/wp\/v2\/posts"}],"about":[{"href":"https:\/\/www.sincomam.org.br\/index.php\/wp-json\/wp\/v2\/types\/post"}],"author":[{"embeddable":true,"href":"https:\/\/www.sincomam.org.br\/index.php\/wp-json\/wp\/v2\/users\/1182"}],"replies":[{"embeddable":true,"href":"https:\/\/www.sincomam.org.br\/index.php\/wp-json\/wp\/v2\/comments?post=8354"}],"version-history":[{"count":7,"href":"https:\/\/www.sincomam.org.br\/index.php\/wp-json\/wp\/v2\/posts\/8354\/revisions"}],"predecessor-version":[{"id":8520,"href":"https:\/\/www.sincomam.org.br\/index.php\/wp-json\/wp\/v2\/posts\/8354\/revisions\/8520"}],"wp:attachment":[{"href":"https:\/\/www.sincomam.org.br\/index.php\/wp-json\/wp\/v2\/media?parent=8354"}],"wp:term":[{"taxonomy":"category","embeddable":true,"href":"https:\/\/www.sincomam.org.br\/index.php\/wp-json\/wp\/v2\/categories?post=8354"},{"taxonomy":"post_tag","embeddable":true,"href":"https:\/\/www.sincomam.org.br\/index.php\/wp-json\/wp\/v2\/tags?post=8354"}],"curies":[{"name":"wp","href":"https:\/\/api.w.org\/{rel}","templated":true}]}}