{"id":8342,"date":"2014-10-14T09:13:15","date_gmt":"2014-10-14T12:13:15","guid":{"rendered":"http:\/\/www.sincomam.org.br\/?p=8342"},"modified":"2014-10-14T09:13:15","modified_gmt":"2014-10-14T12:13:15","slug":"marinha-apresenta-seus-projetos-estrategicos-em-palestra-na-defesa","status":"publish","type":"post","link":"https:\/\/www.sincomam.org.br\/index.php\/marinha-apresenta-seus-projetos-estrategicos-em-palestra-na-defesa\/","title":{"rendered":"Marinha apresenta seus Projetos Estrat\u00e9gicos em palestra na Defesa"},"content":{"rendered":"<p>Os principais projetos que est\u00e3o sendo desenvolvidos pela Marinha do Brasil foram detalhados na \u00faltima quarta-feira (8) para o ministro da Defesa, Celso Amorim. Entre os temas apresentados durante palestra, o destaque ficou por conta da constru\u00e7\u00e3o do N\u00facleo do Poder Naval, composto por programas de moderniza\u00e7\u00e3o como o de desenvolvimento de submarinos convencionais e de propuls\u00e3o nuclear. Esse projeto tem como objetivo fortalecer a ind\u00fastria de defesa e aumentar a capacidade da For\u00e7a Naval na prote\u00e7\u00e3o e preserva\u00e7\u00e3o da chamada \u201cAmaz\u00f4nia Azul\u201d, \u00e1rea oce\u00e2nica de 4,5 milh\u00f5es de km\u00b2 que concentra riquezas naturais importantes, como o petr\u00f3leo da camada do pr\u00e9-sal.<\/p>\n<p>Para o chefe do Estado-Maior Conjunto das For\u00e7as Armadas (EMCFA) do Minist\u00e9rio da Defesa, general Jos\u00e9 Carlos De Nardi, os investimentos na ind\u00fastria naval est\u00e3o prontos para serem executados e ir\u00e3o favorecer o crescimento do pa\u00eds. \u201cO mais importante \u00e9 termos o projeto para, \u00e0 medida que o governo acionar o sinal verde, se possa evoluir para a constru\u00e7\u00e3o\u201d.<\/p>\n<p>Na linha de fortalecimento do Poder Naval, alguns projetos tiveram destaques na reuni\u00e3o ministrada pelo diretor de Gest\u00e3o de Programas Estrat\u00e9gicos da Marinha, almirante Roberto Gondim Carneiro da Cunha (foto), como: os Programas de Desenvolvimento de Submarinos (PROSUB) e de Constru\u00e7\u00e3o de Corvetas Classe \u201cBarroso\u201d. Al\u00e9m dos Programas de Obten\u00e7\u00f5es de Navios-Patrulha de 500 toneladas, de Meios de Superf\u00edcie (PROSUPER), de Navios-Aer\u00f3dromos (PRONAe) e de Navios-Anf\u00edbios (PRONAnf).<\/p>\n<p>Na ocasi\u00e3o, o general De Nardi destacou ainda que esses projetos ir\u00e3o movimentar a economia nacional e expandir o poder de dissuas\u00e3o da Defesa brasileira. \u201cO aumento do n\u00famero de empregos \u00e9 um ponto relevante, e o mais importante \u00e9 o poder de dissuas\u00e3o desse grande pa\u00eds chamado Brasil, j\u00e1 que s\u00f3 cinco pa\u00edses no mundo det\u00eam a capacidade de ter um submarino nuclear. N\u00f3s seremos o sexto\u201d, acrescentou o general.<\/p>\n<p>O comandante da Marinha, almirante Moura Neto, acrescentou que o Brasil ir\u00e1 desenvolver o m\u00edssil superf\u00edcie-superf\u00edcie Mansup, que estar\u00e1 pronto a partir de 2017. \u201cEsse m\u00edssil atinge 40km de alcance e esses armamentos puxam para si tecnologias mais avan\u00e7adas. N\u00e3o adianta ter um m\u00edssil de longo alcance se eu n\u00e3o tiver um radar que detecte o avi\u00e3o ao longo alcance\u201d, disse o comandante da Marinha.<\/p>\n<p>Como parte de um ciclo de palestras, que teve in\u00edcio em setembro com a apresenta\u00e7\u00e3o do Ex\u00e9rcito, para o Estado-Maior Conjunto das For\u00e7as Armadas (EMCFA), a Marinha foi a segunda For\u00e7a a expor seus programas. A pr\u00f3xima ser\u00e1 a For\u00e7a A\u00e9rea Brasileira.<\/p>\n<p>Al\u00e9m de Amorim e De Nardi, participaram da apresenta\u00e7\u00e3o o Comandante da Marinha, almirante Julio Soares de Moura Neto; o almirante Ademir Sobrinho, chefe de Opera\u00e7\u00f5es Conjuntas do Minist\u00e9rio da Defesa; o general Menandro Garcia, chefe de Assuntos Estrat\u00e9gicos do Minist\u00e9rio da Defesa; o brigadeiro G\u00e9rson Machado, chefe de Log\u00edstica do Minist\u00e9rio da Defesa; o general Joaquim Silva e Luna, chefe da Secretaria de Pessoal, Ensino, Sa\u00fade e Desporto do Minist\u00e9rio da Defesa; Murilo Marques Barboza, secret\u00e1rio de Produtos de Defesa; e o almirante Luiz Guilherme S\u00e1 de Gusm\u00e3o, diretor geral do Material da Marinha.<\/p>\n<p>Fonte: Minist\u00e9rio da Defesa<\/p>\n<p><strong>Nota do Poder Naval:<\/strong> o general Jos\u00e9 Carlos De Nardi cometeu um equ\u00edvoco, na verdade o Brasil ser\u00e1 o s\u00e9timo pa\u00eds a ter um submarino com propuls\u00e3o nuclear, pois a \u00cdndia est\u00e1 na nossa frente.<\/p>\n<p><strong>\u00a0<\/strong><\/p>\n","protected":false},"excerpt":{"rendered":"<p>Os principais projetos que est\u00e3o sendo desenvolvidos pela Marinha do Brasil foram detalhados na \u00faltima quarta-feira (8) para o ministro da Defesa, Celso Amorim. Entre&#8230;<\/p>\n","protected":false},"author":1182,"featured_media":3317,"comment_status":"closed","ping_status":"closed","sticky":false,"template":"","format":"standard","meta":{"footnotes":""},"categories":[6],"tags":[],"class_list":["post-8342","post","type-post","status-publish","format-standard","has-post-thumbnail","hentry","category-noticias"],"_links":{"self":[{"href":"https:\/\/www.sincomam.org.br\/index.php\/wp-json\/wp\/v2\/posts\/8342","targetHints":{"allow":["GET"]}}],"collection":[{"href":"https:\/\/www.sincomam.org.br\/index.php\/wp-json\/wp\/v2\/posts"}],"about":[{"href":"https:\/\/www.sincomam.org.br\/index.php\/wp-json\/wp\/v2\/types\/post"}],"author":[{"embeddable":true,"href":"https:\/\/www.sincomam.org.br\/index.php\/wp-json\/wp\/v2\/users\/1182"}],"replies":[{"embeddable":true,"href":"https:\/\/www.sincomam.org.br\/index.php\/wp-json\/wp\/v2\/comments?post=8342"}],"version-history":[{"count":1,"href":"https:\/\/www.sincomam.org.br\/index.php\/wp-json\/wp\/v2\/posts\/8342\/revisions"}],"predecessor-version":[{"id":8343,"href":"https:\/\/www.sincomam.org.br\/index.php\/wp-json\/wp\/v2\/posts\/8342\/revisions\/8343"}],"wp:featuredmedia":[{"embeddable":true,"href":"https:\/\/www.sincomam.org.br\/index.php\/wp-json\/wp\/v2\/media\/3317"}],"wp:attachment":[{"href":"https:\/\/www.sincomam.org.br\/index.php\/wp-json\/wp\/v2\/media?parent=8342"}],"wp:term":[{"taxonomy":"category","embeddable":true,"href":"https:\/\/www.sincomam.org.br\/index.php\/wp-json\/wp\/v2\/categories?post=8342"},{"taxonomy":"post_tag","embeddable":true,"href":"https:\/\/www.sincomam.org.br\/index.php\/wp-json\/wp\/v2\/tags?post=8342"}],"curies":[{"name":"wp","href":"https:\/\/api.w.org\/{rel}","templated":true}]}}