{"id":8334,"date":"2014-10-14T08:50:15","date_gmt":"2014-10-14T11:50:15","guid":{"rendered":"http:\/\/www.sincomam.org.br\/?p=8334"},"modified":"2014-10-14T08:50:15","modified_gmt":"2014-10-14T11:50:15","slug":"movimentacao-de-conteineres-cresce-1412-no-porto-de-fortaleza","status":"publish","type":"post","link":"https:\/\/www.sincomam.org.br\/index.php\/movimentacao-de-conteineres-cresce-1412-no-porto-de-fortaleza\/","title":{"rendered":"Movimenta\u00e7\u00e3o de cont\u00eaineres cresce 14,12% no Porto de Fortaleza"},"content":{"rendered":"<p><strong><em>No acumulado de janeiro a setembro o complexo atingiu o \u00edndice de 70.265 Teus<\/p>\n<p><\/em><\/strong><\/p>\n<p>A movimenta\u00e7\u00e3o de cont\u00eaineres pelo Porto de Fortaleza atingiu o \u00edndice de 70.265 Teus no acumulado de janeiro a setembro deste ano, uma alta de 14,12% em rela\u00e7\u00e3o ao mesmo per\u00edodo do ano passado. Desse total, 41.984 Teus s\u00e3o de cabotagem e 28.281 Teus de longo curso.<\/p>\n<p>Segundo Oswaldo Fontenele, coordenador de Gest\u00e3o Portu\u00e1ria da CDC (Companhia Docas do Cear\u00e1), o destaque na cabotagem fica na importa\u00e7\u00e3o de arroz oriundo dos portos do Rio Grande e S\u00e3o Francisco do Sul, al\u00e9m da exporta\u00e7\u00e3o de sal. J\u00e1 no longo curso, destaca-se a exporta\u00e7\u00e3o de frutas (mel\u00e3o, melancia e banana) para a Europa e a importa\u00e7\u00e3o de malte vindo da Fran\u00e7a e da B\u00e9lgica.<\/p>\n<p>No total geral, a movimenta\u00e7\u00e3o de cargas no Porto de Fortaleza cresceu 1,22% no acumulado de janeiro a setembro deste ano, totalizando 3.704.281,89 t, sendo 3.488.709 t no sentido importa\u00e7\u00e3o e 215.572 t no sentido exporta\u00e7\u00e3o. Do total de cargas movimentadas, o maior percentual continua sendo de granel l\u00edquido com 55%. Os destaques foram gasolina, diesel, petr\u00f3leo cru, cimento, GLP (g\u00e1s liquefeito de petr\u00f3leo), querosene de avia\u00e7\u00e3o, \u00e1lcool e \u00f3leo de palma.<\/p>\n<p>O granel s\u00f3lido movimentou 29%. Os itens mais movimentados na categoria foram trigo, coque de petr\u00f3leo, cl\u00ednquer, enxofre, fosfato e fertilizante mineral. A carga geral, da qual o cont\u00eainer faz parte, movimentou 596.002,56 toneladas, que representa 16%. Os destaques da carga geral, al\u00e9m dos itens j\u00e1 citados, foram ladrilhos, papel, tambor de freio, m\u00f3veis, cera de carna\u00faba, castanha de caju e frango congelado.<\/p>\n<p>Fonte: Guia Mar\u00edtimo<\/p>\n<p><strong><em><\/p>\n<p><\/em><\/strong><\/p>\n","protected":false},"excerpt":{"rendered":"<p>No acumulado de janeiro a setembro o complexo atingiu o \u00edndice de 70.265 Teus A movimenta\u00e7\u00e3o de cont\u00eaineres pelo Porto de Fortaleza atingiu o \u00edndice&#8230;<\/p>\n","protected":false},"author":1182,"featured_media":5108,"comment_status":"closed","ping_status":"closed","sticky":false,"template":"","format":"standard","meta":{"footnotes":""},"categories":[6],"tags":[],"class_list":["post-8334","post","type-post","status-publish","format-standard","has-post-thumbnail","hentry","category-noticias"],"_links":{"self":[{"href":"https:\/\/www.sincomam.org.br\/index.php\/wp-json\/wp\/v2\/posts\/8334","targetHints":{"allow":["GET"]}}],"collection":[{"href":"https:\/\/www.sincomam.org.br\/index.php\/wp-json\/wp\/v2\/posts"}],"about":[{"href":"https:\/\/www.sincomam.org.br\/index.php\/wp-json\/wp\/v2\/types\/post"}],"author":[{"embeddable":true,"href":"https:\/\/www.sincomam.org.br\/index.php\/wp-json\/wp\/v2\/users\/1182"}],"replies":[{"embeddable":true,"href":"https:\/\/www.sincomam.org.br\/index.php\/wp-json\/wp\/v2\/comments?post=8334"}],"version-history":[{"count":1,"href":"https:\/\/www.sincomam.org.br\/index.php\/wp-json\/wp\/v2\/posts\/8334\/revisions"}],"predecessor-version":[{"id":8335,"href":"https:\/\/www.sincomam.org.br\/index.php\/wp-json\/wp\/v2\/posts\/8334\/revisions\/8335"}],"wp:featuredmedia":[{"embeddable":true,"href":"https:\/\/www.sincomam.org.br\/index.php\/wp-json\/wp\/v2\/media\/5108"}],"wp:attachment":[{"href":"https:\/\/www.sincomam.org.br\/index.php\/wp-json\/wp\/v2\/media?parent=8334"}],"wp:term":[{"taxonomy":"category","embeddable":true,"href":"https:\/\/www.sincomam.org.br\/index.php\/wp-json\/wp\/v2\/categories?post=8334"},{"taxonomy":"post_tag","embeddable":true,"href":"https:\/\/www.sincomam.org.br\/index.php\/wp-json\/wp\/v2\/tags?post=8334"}],"curies":[{"name":"wp","href":"https:\/\/api.w.org\/{rel}","templated":true}]}}