{"id":8312,"date":"2014-10-10T08:05:06","date_gmt":"2014-10-10T11:05:06","guid":{"rendered":"http:\/\/www.sincomam.org.br\/?p=8312"},"modified":"2014-10-10T08:59:58","modified_gmt":"2014-10-10T11:59:58","slug":"paciente-suspeito-de-ebola-chega-ao-rio-de-janeiro","status":"publish","type":"post","link":"https:\/\/www.sincomam.org.br\/index.php\/paciente-suspeito-de-ebola-chega-ao-rio-de-janeiro\/","title":{"rendered":"Paciente suspeito de ebola chega ao Rio de Janeiro"},"content":{"rendered":"<p><strong><em>Homem estava isolado em Cascavel, no Paran\u00e1, foi levado para o Instituto Nacional de Infectologia Evandro Chagas. Pol\u00edcia Federal emitiu documento autorizando a perman\u00eancia do refugiado africano no Brasil<\/em><\/strong><\/p>\n<p>Um paciente com suspeita de ebola chegou ao Rio por volta das 6h30m desta sexta-feira, em um avi\u00e3o da For\u00e7a A\u00e9rea Brasileira, na Base A\u00e9rea do Gale\u00e3o, na Ilha do Governador. O africano Souleymane Bah, de 47 anos, foi transportado em uma ambul\u00e2ncia do Corpo de Bombeiros para o Instituto de Infectologia Evandro Chagas, que fica na Funda\u00e7\u00e3o Oswaldo Cruz, em Manguinhos, unidade de refer\u00eancia da pesquisa de ebola no pa\u00eds.<\/p>\n<p>O primeiro caso suspeito de ebola registrado no Brasil ocorreu na cidade de Cascavel, Paran\u00e1. O Minist\u00e9rio da Sa\u00fade informou que se trata de um homem vindo da Guin\u00e9, um dos pa\u00edses africanos mais afetados pela doen\u00e7a. Ele chegou ao Brasil no dia 19 de setembro, tendo feito antes escala em Marrocos. O homem foi mantido em isolamento total at\u00e9 quinta-feira.<\/p>\n<p>Depois de deixar a Base A\u00e9rea do Gale\u00e3o, a ambul\u00e2ncia que transportou o paciente suspeito de estar contaminado com ebola seguiu pela Linha Vermelha em meio ao hor\u00e1rio de rush da manh\u00e3 e, quando chegou a Manguinhos, bairro onde est\u00e1 localizada a Fiocruz, a motorista da ambul\u00e2ncia errou o caminho.<\/p>\n<p>Ap\u00f3s ser sinalizada por alguns moradores, ela fez a volta e assim pegou o caminho certo at\u00e9 a entrada do instituto. Por medida de seguran\u00e7a, a motorista do SAMU usava m\u00e1scara, touca , luva e outros equipamentos de seguran\u00e7a<\/p>\n<p>Segundo o Minist\u00e9rio da Sa\u00fade, outras suspeitas que haviam sido levantadas antes no pa\u00eds eram apenas boatos. Este \u00e9 o primeiro em que a pasta trata de fato como caso suspeito. De qualquer forma, o caso em Cascavel ainda precisa ser confirmado para ser considerado como o primeiro de um paciente com ebola no Brasil.<\/p>\n<p>N\u00e3o est\u00e1 descartada a hip\u00f3tese de o paciente estar infectado com mal\u00e1ria ou febre amarela, doen\u00e7as com sintomas semelhantes ao do ebola.<\/p>\n<p>O africano veio para o pa\u00eds na condi\u00e7\u00e3o de refugiado. De acordo com o documento expedido pela Coordena\u00e7\u00e3o Geral de Pol\u00edcia de Imigra\u00e7\u00e3o, ele pode permanecer no Brasil at\u00e9 o dia 22 de setembro de 2015.<\/p>\n<p>De acordo com o Minist\u00e9rio da Sa\u00fade, ele relatou que na quarta-feira e na quinta-feira teve febre e, at\u00e9 o come\u00e7o da noite, ele estava subfebril, mas n\u00e3o tinha hemorragias, v\u00f4mitos ou outros sintomas. Como veio de um pa\u00eds onde h\u00e1 epidemia da doen\u00e7a, e apresentou sintomas em at\u00e9 21 dias ap\u00f3s deixar a \u00c1frica (limite m\u00e1ximo para o per\u00edodo de incuba\u00e7\u00e3o da doen\u00e7a), foi considerado caso suspeito.<\/p>\n<p>A assessoria de imprensa da prefeitura de Cascavel afirmou que a unidade de pronto atendimento onde o homem com caso suspeito foi atendido, no bairro Bras\u00edlia, foi isolada. Equipes do minist\u00e9rio e do governo estadual estiveram de madrugada na cidade.<\/p>\n<p>A prefeitura informou que os pacientes na unidade que n\u00e3o tiveram contato com o homem n\u00e3o foram impedidos de sair. Mas quem teve contato com ele permanece isolado l\u00e1 dentro. Al\u00e9m disso, ningu\u00e9m pode entrar na UPA.<\/p>\n<p>O Minist\u00e9rio da Sa\u00fade informou que, assim que foi comunicado, enviou imediatamente para Cascavel, por meio da For\u00e7a A\u00e9rea Brasileira (FAB), uma equipe que vai coordenar as medidas de atendimento e identifica\u00e7\u00e3o de pessoas que podem ter tido contato com ele.<\/p>\n<p>Al\u00e9m do minist\u00e9rio, o governo do Paran\u00e1 mandou equipe de vigil\u00e2ncia em sa\u00fade para a cidade. Na manh\u00e3 da sexta-feira, o ministro da Sa\u00fade, Arthur Chioro, e o secret\u00e1rio de Vigil\u00e2ncia em Sa\u00fade do Minist\u00e9rio da Sa\u00fade, Jarbas Barbosa, falar\u00e3o com a imprensa sobre o caso.<\/p>\n<p>Segundo o minist\u00e9rio, o ebola s\u00f3 \u00e9 transmitido atrav\u00e9s do contato com o sangue, tecidos ou fluidos corporais de indiv\u00edduos doentes, ou pelo contato com superf\u00edcies e objetos contaminados. O v\u00edrus \u00e9 transmitido apenas quando surgem os sintomas.<\/p>\n<p><strong>Plano de conting\u00eancia<\/strong><\/p>\n<p>A elabora\u00e7\u00e3o do plano de contin\u00eancia para pacientes com suspeita de ebola foi conclu\u00edda no final de agosto pelo Minist\u00e9rio da Sa\u00fade. De acordo com a assessoria de imprensa da Funda\u00e7\u00e3o Oswaldo Cruz (Fiocruz), a institui\u00e7\u00e3o est\u00e1 preparada para receber pacientes infectados com a doen\u00e7a e todos os procedimentos padr\u00f5es est\u00e3o prontos. Ainda, segundo a Fiocruz, n\u00e3o h\u00e1 risco de cont\u00e1gio.<\/p>\n<p>Dede julho, todas as semanas os m\u00e9dicos infectologistas do Instituto Nacional de Infectologia Evandro Chagas recebem treinamento sobre o ebola. Eles participaram de eventos e palestras com pessoas que estiveram em \u00e1reas contaminadas pela doen\u00e7a, al\u00e9m de um grande treinamento que ocorreu em agosto.<\/p>\n<p>Fonte: O Globo<br \/>Foto: Ag\u00eancia Brasil<\/p>\n","protected":false},"excerpt":{"rendered":"<p>Homem estava isolado em Cascavel, no Paran\u00e1, foi levado para o Instituto Nacional de Infectologia Evandro Chagas. Pol\u00edcia Federal emitiu documento autorizando a perman\u00eancia do&#8230;<\/p>\n","protected":false},"author":1182,"featured_media":8313,"comment_status":"closed","ping_status":"closed","sticky":false,"template":"","format":"standard","meta":{"footnotes":""},"categories":[6],"tags":[],"class_list":["post-8312","post","type-post","status-publish","format-standard","has-post-thumbnail","hentry","category-noticias"],"_links":{"self":[{"href":"https:\/\/www.sincomam.org.br\/index.php\/wp-json\/wp\/v2\/posts\/8312","targetHints":{"allow":["GET"]}}],"collection":[{"href":"https:\/\/www.sincomam.org.br\/index.php\/wp-json\/wp\/v2\/posts"}],"about":[{"href":"https:\/\/www.sincomam.org.br\/index.php\/wp-json\/wp\/v2\/types\/post"}],"author":[{"embeddable":true,"href":"https:\/\/www.sincomam.org.br\/index.php\/wp-json\/wp\/v2\/users\/1182"}],"replies":[{"embeddable":true,"href":"https:\/\/www.sincomam.org.br\/index.php\/wp-json\/wp\/v2\/comments?post=8312"}],"version-history":[{"count":1,"href":"https:\/\/www.sincomam.org.br\/index.php\/wp-json\/wp\/v2\/posts\/8312\/revisions"}],"predecessor-version":[{"id":8314,"href":"https:\/\/www.sincomam.org.br\/index.php\/wp-json\/wp\/v2\/posts\/8312\/revisions\/8314"}],"wp:featuredmedia":[{"embeddable":true,"href":"https:\/\/www.sincomam.org.br\/index.php\/wp-json\/wp\/v2\/media\/8313"}],"wp:attachment":[{"href":"https:\/\/www.sincomam.org.br\/index.php\/wp-json\/wp\/v2\/media?parent=8312"}],"wp:term":[{"taxonomy":"category","embeddable":true,"href":"https:\/\/www.sincomam.org.br\/index.php\/wp-json\/wp\/v2\/categories?post=8312"},{"taxonomy":"post_tag","embeddable":true,"href":"https:\/\/www.sincomam.org.br\/index.php\/wp-json\/wp\/v2\/tags?post=8312"}],"curies":[{"name":"wp","href":"https:\/\/api.w.org\/{rel}","templated":true}]}}