{"id":8302,"date":"2014-10-10T08:12:35","date_gmt":"2014-10-10T11:12:35","guid":{"rendered":"http:\/\/www.sincomam.org.br\/?p=8302"},"modified":"2014-10-09T18:15:07","modified_gmt":"2014-10-09T21:15:07","slug":"osx-advogado-da-acciona-nao-ve-problema-em-arresto-para-a-cef","status":"publish","type":"post","link":"https:\/\/www.sincomam.org.br\/index.php\/osx-advogado-da-acciona-nao-ve-problema-em-arresto-para-a-cef\/","title":{"rendered":"OSX: Advogado da Acciona n\u00e3o v\u00ea problema em arresto para a CEF"},"content":{"rendered":"<p>O advogado Leonardo Antonelli, que representa a construtora espanhola Acciona no processo de recupera\u00e7\u00e3o judicial da OSX, empresa de navios de Eike Batista, afirmou nesta quarta-feira n\u00e3o ver problemas na extens\u00e3o do arresto de duas plataformas da companhia para a Caixa Econ\u00f4mica Federal, outra credora da OSX.<\/p>\n<p>\u201cN\u00e3o vejo problema na extens\u00e3o do arresto, uma vez que todos sabem que a venda das plataformas visa pagar os credores no exterior. Logo, nossos clientes e todos os demais credores brasileiros n\u00e3o ser\u00e3o prejudicados pela extens\u00e3o\u201d, disse Antonelli, ressaltando que esta \u00e9 a sua opini\u00e3o e que ele n\u00e3o est\u00e1 autorizado a falar em nome da Acciona.<\/p>\n<p>A Caixa, que tem R$ 1,1 bilh\u00e3o em cr\u00e9ditos da d\u00edvida de R$ 4,2 bilh\u00f5es da OSX, solicitou na \u00faltima sexta-feira \u00e0 Justi\u00e7a a revoga\u00e7\u00e3o da medida cautelar que determinou o arresto de duas plataformas da companhia. A medida foi obtida dias antes pela Acciona, como garantia da d\u00edvida de R$ 300 milh\u00f5es que a OSX tem com a construtora.<\/p>\n<p>Caso a Justi\u00e7a n\u00e3o acate o pedido da Caixa, o banco pede a extens\u00e3o da medida cautelar. Na pr\u00e1tica, isso quer dizer que, se a Justi\u00e7a aprovar o segundo pedido, a Caixa entrar\u00e1 como parte interessada na medida cautelar e tamb\u00e9m ter\u00e1 o arresto das plataformas como garantia da d\u00edvida. O Tribunal de Justi\u00e7a do Rio de Janeiro solicitou \u00e0 Acciona que se posicione sobre o pedido da Caixa.<\/p>\n<p>Procurada, a Caixa n\u00e3o se manifestou sobre o assunto at\u00e9 o momento.<\/p>\n<p>Fonte: Valor Econ\u00f4mico\/Rodrigo Polito<\/p>\n","protected":false},"excerpt":{"rendered":"<p>O advogado Leonardo Antonelli, que representa a construtora espanhola Acciona no processo de recupera\u00e7\u00e3o judicial da OSX, empresa de navios de Eike Batista, afirmou nesta&#8230;<\/p>\n","protected":false},"author":1182,"featured_media":3640,"comment_status":"closed","ping_status":"closed","sticky":false,"template":"","format":"standard","meta":{"footnotes":""},"categories":[6],"tags":[],"class_list":["post-8302","post","type-post","status-publish","format-standard","has-post-thumbnail","hentry","category-noticias"],"_links":{"self":[{"href":"https:\/\/www.sincomam.org.br\/index.php\/wp-json\/wp\/v2\/posts\/8302","targetHints":{"allow":["GET"]}}],"collection":[{"href":"https:\/\/www.sincomam.org.br\/index.php\/wp-json\/wp\/v2\/posts"}],"about":[{"href":"https:\/\/www.sincomam.org.br\/index.php\/wp-json\/wp\/v2\/types\/post"}],"author":[{"embeddable":true,"href":"https:\/\/www.sincomam.org.br\/index.php\/wp-json\/wp\/v2\/users\/1182"}],"replies":[{"embeddable":true,"href":"https:\/\/www.sincomam.org.br\/index.php\/wp-json\/wp\/v2\/comments?post=8302"}],"version-history":[{"count":1,"href":"https:\/\/www.sincomam.org.br\/index.php\/wp-json\/wp\/v2\/posts\/8302\/revisions"}],"predecessor-version":[{"id":8303,"href":"https:\/\/www.sincomam.org.br\/index.php\/wp-json\/wp\/v2\/posts\/8302\/revisions\/8303"}],"wp:featuredmedia":[{"embeddable":true,"href":"https:\/\/www.sincomam.org.br\/index.php\/wp-json\/wp\/v2\/media\/3640"}],"wp:attachment":[{"href":"https:\/\/www.sincomam.org.br\/index.php\/wp-json\/wp\/v2\/media?parent=8302"}],"wp:term":[{"taxonomy":"category","embeddable":true,"href":"https:\/\/www.sincomam.org.br\/index.php\/wp-json\/wp\/v2\/categories?post=8302"},{"taxonomy":"post_tag","embeddable":true,"href":"https:\/\/www.sincomam.org.br\/index.php\/wp-json\/wp\/v2\/tags?post=8302"}],"curies":[{"name":"wp","href":"https:\/\/api.w.org\/{rel}","templated":true}]}}