{"id":8295,"date":"2014-10-10T08:00:49","date_gmt":"2014-10-10T11:00:49","guid":{"rendered":"http:\/\/www.sincomam.org.br\/?p=8295"},"modified":"2014-10-10T09:00:31","modified_gmt":"2014-10-10T12:00:31","slug":"horario-de-verao-comeca-no-proximo-dia-19-de-outubro","status":"publish","type":"post","link":"https:\/\/www.sincomam.org.br\/index.php\/horario-de-verao-comeca-no-proximo-dia-19-de-outubro\/","title":{"rendered":"Hor\u00e1rio de ver\u00e3o come\u00e7a no pr\u00f3ximo dia 19 de outubro"},"content":{"rendered":"<p>O hor\u00e1rio de ver\u00e3o deste ano come\u00e7ar\u00e1 no pr\u00f3ximo dia 19, e ir\u00e1 at\u00e9 22 de fevereiro. Dez estados, al\u00e9m do Distrito Federal, v\u00e3o adiantar os rel\u00f3gios em uma hora.<\/p>\n<p>Durante o hor\u00e1rio de ver\u00e3o do ano passado, o Minist\u00e9rio de Minas e Energia (MME) fez uma previs\u00e3o de economia de R$ 400 milh\u00f5es, e foram economizados R$ 405 milh\u00f5es.<\/p>\n<p>A medida vale para 11 unidades da federa\u00e7\u00e3o, das regi\u00e3o Sul, Centro-Oeste e Sudeste: Rio de Janeiro, Minas Gerais, Esp\u00edrito Santo, Mato Grosso, Mato Grosso do Sul, Goi\u00e1s, Rio Grande do Sul, Santa Catarina, Paran\u00e1, S\u00e3o Paulo e Distrito Federal.<\/p>\n<p>O governo da Bahia ainda n\u00e3o informou se o estado vai aderir ou n\u00e3o ao hor\u00e1rio de ver\u00e3o. Em 2002, 2003, 2010, 2012 e 2013, a Bahia ficou fora da altera\u00e7\u00e3o. Por\u00e9m, em 2011-2012, o estado foi o \u00fanico da regi\u00e3o Nordeste que adotou a medida, e, segundo o governo, a maior parte da popula\u00e7\u00e3o reagiu mal. Apesar das rejei\u00e7\u00f5es, empres\u00e1rios da Bahia s\u00e3o a favor da mudan\u00e7a de hor\u00e1rio que, de acordo com eles, beneficia o turismo, ampliando o faturamento e a gera\u00e7\u00e3o de empregos.<\/p>\n<p>O presidente do F\u00f3rum de Empres\u00e1rios da Bahia, V\u00edtor Ventim, citou as vantagens da medida no Estado em mat\u00e9ria publicada no \u00faltimo dia 3 de setembro. &#8220;A maioria de nossos clientes e fornecedores \u00e9 do Sul e Sudeste do pa\u00eds e a falta de hor\u00e1rio de ver\u00e3o, al\u00e9m de n\u00e3o ajudar na economia de energia, dificulta hor\u00e1rios de voos e de contatos comerciais&#8221;.<\/p>\n<p><strong>Sobre a mudan\u00e7a no rel\u00f3gio<\/strong><\/p>\n<p>Institu\u00eddo no Brasil em 1931, o hor\u00e1rio de ver\u00e3o tem o objetivo de proporcionar maior aproveitamento da luz natural para reduzir o consumo de energia entre as 18 e as 20 horas.<\/p>\n<p>O hor\u00e1rio de ver\u00e3o come\u00e7a no terceiro domingo do m\u00eas de outubro \u2014 neste ano, uma semana antes do segundo turno das elei\u00e7\u00f5es \u2014, e \u00e9 mantido at\u00e9 o terceiro domingo de fevereiro do ano seguinte. Caso a data de t\u00e9rmino coincida com o domingo de carnaval, o prazo \u00e9 prorrogado em uma semana.<\/p>\n<p>Fonte: Portal A Tarde \/ O Globo<\/p>\n","protected":false},"excerpt":{"rendered":"<p>O hor\u00e1rio de ver\u00e3o deste ano come\u00e7ar\u00e1 no pr\u00f3ximo dia 19, e ir\u00e1 at\u00e9 22 de fevereiro. Dez estados, al\u00e9m do Distrito Federal, v\u00e3o adiantar&#8230;<\/p>\n","protected":false},"author":1182,"featured_media":8296,"comment_status":"closed","ping_status":"closed","sticky":false,"template":"","format":"standard","meta":{"footnotes":""},"categories":[6],"tags":[],"class_list":["post-8295","post","type-post","status-publish","format-standard","has-post-thumbnail","hentry","category-noticias"],"_links":{"self":[{"href":"https:\/\/www.sincomam.org.br\/index.php\/wp-json\/wp\/v2\/posts\/8295","targetHints":{"allow":["GET"]}}],"collection":[{"href":"https:\/\/www.sincomam.org.br\/index.php\/wp-json\/wp\/v2\/posts"}],"about":[{"href":"https:\/\/www.sincomam.org.br\/index.php\/wp-json\/wp\/v2\/types\/post"}],"author":[{"embeddable":true,"href":"https:\/\/www.sincomam.org.br\/index.php\/wp-json\/wp\/v2\/users\/1182"}],"replies":[{"embeddable":true,"href":"https:\/\/www.sincomam.org.br\/index.php\/wp-json\/wp\/v2\/comments?post=8295"}],"version-history":[{"count":2,"href":"https:\/\/www.sincomam.org.br\/index.php\/wp-json\/wp\/v2\/posts\/8295\/revisions"}],"predecessor-version":[{"id":8299,"href":"https:\/\/www.sincomam.org.br\/index.php\/wp-json\/wp\/v2\/posts\/8295\/revisions\/8299"}],"wp:featuredmedia":[{"embeddable":true,"href":"https:\/\/www.sincomam.org.br\/index.php\/wp-json\/wp\/v2\/media\/8296"}],"wp:attachment":[{"href":"https:\/\/www.sincomam.org.br\/index.php\/wp-json\/wp\/v2\/media?parent=8295"}],"wp:term":[{"taxonomy":"category","embeddable":true,"href":"https:\/\/www.sincomam.org.br\/index.php\/wp-json\/wp\/v2\/categories?post=8295"},{"taxonomy":"post_tag","embeddable":true,"href":"https:\/\/www.sincomam.org.br\/index.php\/wp-json\/wp\/v2\/tags?post=8295"}],"curies":[{"name":"wp","href":"https:\/\/api.w.org\/{rel}","templated":true}]}}