{"id":8293,"date":"2014-10-10T08:30:03","date_gmt":"2014-10-10T11:30:03","guid":{"rendered":"http:\/\/www.sincomam.org.br\/?p=8293"},"modified":"2014-10-10T08:59:13","modified_gmt":"2014-10-10T11:59:13","slug":"ex-diretor-da-petrobras-diz-que-3-do-valor-dos-contratos-eram-para-atender-ao-pt","status":"publish","type":"post","link":"https:\/\/www.sincomam.org.br\/index.php\/ex-diretor-da-petrobras-diz-que-3-do-valor-dos-contratos-eram-para-atender-ao-pt\/","title":{"rendered":"Ex-diretor da Petrobr\u00e1s diz que 3% do valor dos contratos \u2018eram para atender ao PT\u2019"},"content":{"rendered":"<p><strong><em>Em depoimento \u00e0 Justi\u00e7a Federal, Paulo Roberto Costa revela que dinheiro dos contratos de produ\u00e7\u00e3o, g\u00e1s e energia \u2018iam diretamente para o PT\u2019 por meio do tesoureiro Jo\u00e3o Vaccari<\/em><\/strong><\/p>\n<p>O ex-diretor de Abastecimento da Petrobr\u00e1s, Paulo Roberto Costa, afirmou \u00e0 Justi\u00e7a Federal que o PT ficava com 3% sobre o valor dos contratos da estatal. \u201cTodos sabiam que tinha um porcentual dos contratos da \u00e1rea de abastecimento. Dos 3%, 2% eram para atender ao PT atrav\u00e9s da diretoria de Servi\u00e7os.\u201d<\/p>\n<p>\u201cOutras diretorias como g\u00e1s e energia e produ\u00e7\u00e3o tamb\u00e9m eram PT\u201d, declarou o ex-diretor da Petrobr\u00e1s. \u201cEnt\u00e3o, tinha PT na diretoria de produ\u00e7\u00e3o, g\u00e1s e energia e na \u00e1rea de servi\u00e7os. O coment\u00e1rio que pautava a companhia nesses casos era que 3% iam diretamente para o PT.\u201d<\/p>\n<p>\u201cO que rezava dentro da companhia era que esse valor integral (3%) ia para o PT\u201d, afirmou Costa. Ele acusou diretamente o tesoureiro do PT, Jo\u00e3o Vaccari, ao ser questionado sobre quem fazia a entrega ou a distribui\u00e7\u00e3o da propina ao partido do governo. \u201cDentro do PT (o contato) do diretor de servi\u00e7os era com o tesoureiro do PT, sr. Jo\u00e3o Vaccari, a liga\u00e7\u00e3o era diretamente com ele.\u201d<\/p>\n<p>Ele disse que a diretoria Internacional tinha indica\u00e7\u00e3o do PMDB. \u201cEnt\u00e3o, tinha indica\u00e7\u00e3o do PMDB, ent\u00e3o tinha tamb\u00e9m recursos que eram repassados para o PMDB na diretoria Internacional.\u201d<\/p>\n<p>Questionado se recebia parte desses valores da corrup\u00e7\u00e3o, Costa confessou. \u201cSim, em valores m\u00e9dios o que acontecia. Do 1% para o PP, em m\u00e9dia 60% ia para o partido, 20% para despesas \u00e0s vezes de emiss\u00e3o de nota fiscal e para envio e 20% restantes eram repassados assim, 70% para mim e 30% para o Janene ou Alberto Youssef.\u201d<\/p>\n<p>\u201cEu recebia em esp\u00e9cie normalmente na minha casa, ou no shopping ou no escrit\u00f3rio, depois que abri a minha companhia de consultoria\u201d, declarou. Segundo ele, quem fazia a entrega do dinheiro era Janene ou Youssef.<\/p>\n<p>Sobre a propina para o PMDB. \u201cO PMDB era da diretoria Internacional, o nome \u00e9 Fernando Soares, o Fernando Baiano, ele fazia a articula\u00e7\u00e3o.\u201d<\/p>\n<p>Costa afirmou ainda que recebeu R$ 500 mil em dinheiro vivo das m\u00e3os do presidente da Transpetro, Sergio Machado. \u201dNa Transpetro houve alguns casos de repasses para pol\u00edticos, sim. Eu recebi uma parcela da Transpetro, se n\u00e3o me engano R$ 500 mil.\u201d<\/p>\n<p>\u201cQuem pagou?\u201d, perguntou o juiz S\u00e9rgio Moro, que conduz todas as a\u00e7\u00f5es da Lava Jato.<\/p>\n<p>\u201cO presidente Sergio Machado.\u201d<\/p>\n<p>\u201cQuando?\u201d<\/p>\n<p>\u201cDatas talvez eu tenha dificuldade de lembrar. S\u00e3o muitas, 2009 ou 2010, acho eu por a\u00ed. Recebi em uma \u00fanica oportunidade.\u201d<\/p>\n<p>\u201cQual o motivo?\u201d<\/p>\n<p>\u201cFoi devido \u00e0 contrata\u00e7\u00e3o de alguns navios. Essa contrata\u00e7\u00e3o tinha que passar pela diretoria de Abastecimento, contrata\u00e7\u00e3o de navios pela Transpetro. Esse valor foi entregue diretamente por ele no apartamento dele (Machado) no Rio.\u201d<\/p>\n<p>Indica\u00e7\u00f5es.\u00a0 Paulo Roberto Costa afirmou que todas as diretorias da Petrobr\u00e1s s\u00e3o ocupadas por indica\u00e7\u00f5es pol\u00edticas. Ele disse que foi indicado, em 2004, pelo ent\u00e3o deputado Jos\u00e9 Janene, do PP \u2013 Janene, r\u00e9u do mensal\u00e3o do PT, morreu em 2010.<\/p>\n<p>Segundo Costa, desde o governo Jos\u00e9 Sarney (1985\/1989) as indica\u00e7\u00f5es pol\u00edticas s\u00e3o rotineiras na Petrobr\u00e1s. Ele confirmou ainda que todos os diretores da estatal, bem como os presidentes da empresa Jos\u00e9 Eduardo Dutra, na \u00e9poca em que ele entrou na diretoria de Abastecimento (2004), e Jos\u00e9 Sergio Gabrielli, que assumiu a presid\u00eancia da estatal em 2005, sabiam de sua indica\u00e7\u00e3o pol\u00edtica.<\/p>\n<p><strong>Com a palavra, a defesa:<\/strong><\/p>\n<p><strong>Veja a nota do PT:<\/strong><\/p>\n<p>\u201cO PT repudia com veem\u00eancia e indigna\u00e7\u00e3o as declara\u00e7\u00f5es caluniosas do r\u00e9u Paulo Roberto Costa, proferidas em audi\u00eancia perante o mesmo juiz que, anteriormente, acolhera seu depoimento, sob sigilo de Justi\u00e7a, no curso de um processo de dela\u00e7\u00e3o premiada.<\/p>\n<p>O PT desmente a totalidade das ila\u00e7\u00f5es de que o partido teria recebido repasses financeiros originados de contratos com a Petrobr\u00e1s.<\/p>\n<p>Todas as doa\u00e7\u00f5es para o Partido dos Trabalhadores seguem as normas legais e s\u00e3o registradas na Justi\u00e7a Eleitoral.<\/p>\n<p>A Dire\u00e7\u00e3o Nacional do PT estranha a repeti\u00e7\u00e3o de vazamentos de depoimentos no Judici\u00e1rio, tanto mais quando se trata de acusa\u00e7\u00f5es sem provas.<\/p>\n<p>Lamentamos que estejam sendo valorizadas as palavras do investigado, em detrimento de qualquer ind\u00edcio ou evid\u00eancia comprovada.<\/p>\n<p>A Dire\u00e7\u00e3o Nacional do PT, por interm\u00e9dio de seus advogados, analisa a ado\u00e7\u00e3o de medidas judiciais cab\u00edveis.<\/p>\n<p>Rui Falc\u00e3o<\/p>\n<p>Presidente Nacional do PT\u201d<\/p>\n<p><strong>Veja nota da Transpetro<\/strong><\/p>\n<p>\u201cO presidente da Transpetro, Sergio Machado, nega com veem\u00eancia as afirma\u00e7\u00f5es feitas a seu respeito pelo ex-diretor da Petrobras Paulo Roberto Costa. As acusa\u00e7\u00f5es s\u00e3o mentirosas e absurdas.<\/p>\n<p>Machado faz quest\u00e3o de ressaltar o seu estranhamento com o fato de que as declara\u00e7\u00f5es estejam sendo divulgadas em pleno processo eleitoral.<\/p>\n<p>Machado jamais foi processado em decorr\u00eancia de qualquer dos seus atos ao longo de 30 anos de vida p\u00fablica. E tomar\u00e1 todas as provid\u00eancias cab\u00edveis, inclusive judiciais, para defender a sua honra e a imagem da Transpetro.\u201d<\/p>\n<p><strong>VEJA A NOTA DO EX-PRESIDENTE DA PETROBR\u00c1S, JOS\u00c9 EDUARDO DUTRA:<\/strong><\/p>\n<p>\u201cEsclarecimento<\/p>\n<p>Sobre as mat\u00e9rias publicadas hoje na imprensa envolvendo meu nome no bojo da opera\u00e7\u00e3o Lava Jato, tenho a declarar o que segue:<\/p>\n<p>&#8211; Os depoimentos realizados ontem foram acompanhados pelo Dr. Carlos Fontes, advogado da Petrobr\u00e1s que constatou que o meu nome foi citado uma \u00fanica vez pelo ex-diretor Paulo Roberto Costa no contexto de \u201cindica\u00e7\u00f5es pol\u00edticas para diretoria da Petrobras\u201d, n\u00e3o tendo havido posteriormente qualquer cita\u00e7\u00e3o ao meu nome em irregularidades investigadas pela opera\u00e7\u00e3o;<\/p>\n<p>&#8211; Minhas vincula\u00e7\u00f5es com o PT s\u00e3o p\u00fablicas e not\u00f3rias, bem como os per\u00edodos em que ocupei a presid\u00eancia da Petrobras, BR Distribuidora e, atualmente, a Diretoria Corporativa da Petrobras;<\/p>\n<p>Repudio quaisquer ila\u00e7\u00f5es que procurem vincular meu nome a pr\u00e1ticas criminosas e tomarei as provid\u00eancias judiciais cab\u00edveis.<\/p>\n<p>Jos\u00e9 Eduardo Dutra<\/p>\n<p>Diretor Corporativo e de Servi\u00e7os\u201d<\/p>\n<p>Fonte: Estad\u00e3o<\/p>\n","protected":false},"excerpt":{"rendered":"<p>Em depoimento \u00e0 Justi\u00e7a Federal, Paulo Roberto Costa revela que dinheiro dos contratos de produ\u00e7\u00e3o, g\u00e1s e energia \u2018iam diretamente para o PT\u2019 por meio&#8230;<\/p>\n","protected":false},"author":1182,"featured_media":5132,"comment_status":"closed","ping_status":"closed","sticky":false,"template":"","format":"standard","meta":{"footnotes":""},"categories":[6],"tags":[],"class_list":["post-8293","post","type-post","status-publish","format-standard","has-post-thumbnail","hentry","category-noticias"],"_links":{"self":[{"href":"https:\/\/www.sincomam.org.br\/index.php\/wp-json\/wp\/v2\/posts\/8293","targetHints":{"allow":["GET"]}}],"collection":[{"href":"https:\/\/www.sincomam.org.br\/index.php\/wp-json\/wp\/v2\/posts"}],"about":[{"href":"https:\/\/www.sincomam.org.br\/index.php\/wp-json\/wp\/v2\/types\/post"}],"author":[{"embeddable":true,"href":"https:\/\/www.sincomam.org.br\/index.php\/wp-json\/wp\/v2\/users\/1182"}],"replies":[{"embeddable":true,"href":"https:\/\/www.sincomam.org.br\/index.php\/wp-json\/wp\/v2\/comments?post=8293"}],"version-history":[{"count":1,"href":"https:\/\/www.sincomam.org.br\/index.php\/wp-json\/wp\/v2\/posts\/8293\/revisions"}],"predecessor-version":[{"id":8294,"href":"https:\/\/www.sincomam.org.br\/index.php\/wp-json\/wp\/v2\/posts\/8293\/revisions\/8294"}],"wp:featuredmedia":[{"embeddable":true,"href":"https:\/\/www.sincomam.org.br\/index.php\/wp-json\/wp\/v2\/media\/5132"}],"wp:attachment":[{"href":"https:\/\/www.sincomam.org.br\/index.php\/wp-json\/wp\/v2\/media?parent=8293"}],"wp:term":[{"taxonomy":"category","embeddable":true,"href":"https:\/\/www.sincomam.org.br\/index.php\/wp-json\/wp\/v2\/categories?post=8293"},{"taxonomy":"post_tag","embeddable":true,"href":"https:\/\/www.sincomam.org.br\/index.php\/wp-json\/wp\/v2\/tags?post=8293"}],"curies":[{"name":"wp","href":"https:\/\/api.w.org\/{rel}","templated":true}]}}