{"id":8283,"date":"2014-10-09T09:23:08","date_gmt":"2014-10-09T12:23:08","guid":{"rendered":"http:\/\/www.sincomam.org.br\/?p=8283"},"modified":"2014-10-09T09:23:08","modified_gmt":"2014-10-09T12:23:08","slug":"edison-chouest-amplia-area-no-porto-do-acu","status":"publish","type":"post","link":"https:\/\/www.sincomam.org.br\/index.php\/edison-chouest-amplia-area-no-porto-do-acu\/","title":{"rendered":"Edison Chouest amplia \u00e1rea no Porto do A\u00e7u"},"content":{"rendered":"<p><strong><em>Empresa assinou aditivo ampliando em 50 metros seu cais e op\u00e7\u00e3o para chegar a quase 1 km<\/em><\/strong><\/p>\n<p>A Prumo e a Edison Chouest assinaram um aditivo ao contrato assinado em abril deste ano. O documento prev\u00ea a expans\u00e3o da \u00e1rea alugada pela Edison Chouest no Porto do A\u00e7u, passando de 255,2 mil m\u00b2 para 284,2 mil m\u00b2. Com a expans\u00e3o atual da \u00e1rea, o cais original de 440 metros passar\u00e1 a medir 490 metros.<\/p>\n<p>\u00a0\u201cEste aumento de \u00e1rea reflete o compromisso da Edison Chouest e sua estrat\u00e9gia de crescimento no Brasil. Com mais 50 metros de cais prontos podemos acelerar a constru\u00e7\u00e3o da nossa base e antecipar a nossa entrada em opera\u00e7\u00e3o. J\u00e1 estamos investindo para atender a demanda atual dos nossos clientes internacionais e para as novas licita\u00e7\u00f5es do setor, e nossa unidade no Porto do A\u00e7u \u00e9 essencial para isso\u201d, disse Ricardo Chagas, diretor da Edison Chouest.<\/p>\n<p>\u00a0Al\u00e9m da expans\u00e3o de sua \u00e1rea no Porto do A\u00e7u, a Edison Chouest conta tamb\u00e9m com uma op\u00e7\u00e3o de expans\u00e3o de 440 metros de cais (prevista no contrato assinado em abril) e outra de 60 metros, a serem exercidas at\u00e9 outubro de 2015. Assim, com todas as op\u00e7\u00f5es exercidas, a Edison Chouest pode chegar a 574.200 m\u00b2 de \u00e1rea total, com 990 metros de cais no Porto do A\u00e7u.<\/p>\n<p>\u00a0As empresas tamb\u00e9m acordaram em estudar em conjunto, em acordo n\u00e3o vinculante, a possibilidade de implementa\u00e7\u00e3o de um estaleiro de reparo naval a ser localizado ao longo do quebra-mar sul do Terminal 2.<\/p>\n<p>\u00a0A Edison Chouest, empresa l\u00edder no segmento mar\u00edtimo, ir\u00e1 implantar uma Base de Apoio Offshore para atender aos seus clientes atuais e um estaleiro de reparos navais para suas pr\u00f3prias embarca\u00e7\u00f5es. A Base, que poder\u00e1 receber 12 embarca\u00e7\u00f5es, oferecer\u00e1 servi\u00e7os de log\u00edstica para empresas de explora\u00e7\u00e3o e produ\u00e7\u00e3o de petr\u00f3leo e seus fornecedores com tecnologias avan\u00e7adas, atendendo aos mais exigentes requisitos de efici\u00eancia, seguran\u00e7a e prote\u00e7\u00e3o ambiental da ind\u00fastria de \u00d3leo &amp; G\u00e1s.<\/p>\n<p>\u00a0A previs\u00e3o \u00e9 que sejam investidos R$ 950 milh\u00f5es no desenvolvimento da unidade, que deve gerar cerca de 900 empregos. As obras j\u00e1 foram iniciadas e a previs\u00e3o \u00e9 que a opera\u00e7\u00e3o aconte\u00e7a no primeiro semestre de 2015.<\/p>\n","protected":false},"excerpt":{"rendered":"<p>Empresa assinou aditivo ampliando em 50 metros seu cais e op\u00e7\u00e3o para chegar a quase 1 km A Prumo e a Edison Chouest assinaram um&#8230;<\/p>\n","protected":false},"author":1182,"featured_media":7425,"comment_status":"closed","ping_status":"closed","sticky":false,"template":"","format":"standard","meta":{"footnotes":""},"categories":[6],"tags":[],"class_list":["post-8283","post","type-post","status-publish","format-standard","has-post-thumbnail","hentry","category-noticias"],"_links":{"self":[{"href":"https:\/\/www.sincomam.org.br\/index.php\/wp-json\/wp\/v2\/posts\/8283","targetHints":{"allow":["GET"]}}],"collection":[{"href":"https:\/\/www.sincomam.org.br\/index.php\/wp-json\/wp\/v2\/posts"}],"about":[{"href":"https:\/\/www.sincomam.org.br\/index.php\/wp-json\/wp\/v2\/types\/post"}],"author":[{"embeddable":true,"href":"https:\/\/www.sincomam.org.br\/index.php\/wp-json\/wp\/v2\/users\/1182"}],"replies":[{"embeddable":true,"href":"https:\/\/www.sincomam.org.br\/index.php\/wp-json\/wp\/v2\/comments?post=8283"}],"version-history":[{"count":1,"href":"https:\/\/www.sincomam.org.br\/index.php\/wp-json\/wp\/v2\/posts\/8283\/revisions"}],"predecessor-version":[{"id":8284,"href":"https:\/\/www.sincomam.org.br\/index.php\/wp-json\/wp\/v2\/posts\/8283\/revisions\/8284"}],"wp:featuredmedia":[{"embeddable":true,"href":"https:\/\/www.sincomam.org.br\/index.php\/wp-json\/wp\/v2\/media\/7425"}],"wp:attachment":[{"href":"https:\/\/www.sincomam.org.br\/index.php\/wp-json\/wp\/v2\/media?parent=8283"}],"wp:term":[{"taxonomy":"category","embeddable":true,"href":"https:\/\/www.sincomam.org.br\/index.php\/wp-json\/wp\/v2\/categories?post=8283"},{"taxonomy":"post_tag","embeddable":true,"href":"https:\/\/www.sincomam.org.br\/index.php\/wp-json\/wp\/v2\/tags?post=8283"}],"curies":[{"name":"wp","href":"https:\/\/api.w.org\/{rel}","templated":true}]}}