{"id":8278,"date":"2014-10-09T09:09:52","date_gmt":"2014-10-09T12:09:52","guid":{"rendered":"http:\/\/www.sincomam.org.br\/?p=8278"},"modified":"2014-10-09T09:09:52","modified_gmt":"2014-10-09T12:09:52","slug":"audiencia-publica-debate-afretamento-de-embarcacoes","status":"publish","type":"post","link":"https:\/\/www.sincomam.org.br\/index.php\/audiencia-publica-debate-afretamento-de-embarcacoes\/","title":{"rendered":"Audi\u00eancia p\u00fablica debate afretamento de embarca\u00e7\u00f5es"},"content":{"rendered":"<p>Nesta quinta-feira (9), a Ag\u00eancia Nacional de Transportes Aquavi\u00e1rios (Antaq) promove audi\u00eancia p\u00fablica para aprimorar o ato normativo aprovado pela Resolu\u00e7\u00e3o n\u00ba 3.638-Antaq, que objetiva aprovar proposta de norma para disciplinar o afretamento de embarca\u00e7\u00e3o por empresa brasileira de navega\u00e7\u00e3o mar\u00edtima.<\/p>\n<p>A audi\u00eancia ter\u00e1 in\u00edcio \u00e0s 14h30 e t\u00e9rmino quando da manifesta\u00e7\u00e3o do \u00faltimo credenciado, sendo 17h o seu hor\u00e1rio limite. O credenciamento ser\u00e1 realizado no local, das 14h \u00e0s 15h15.<\/p>\n<p><strong>Contribui\u00e7\u00f5es<\/strong><\/p>\n<p>A minuta do ato normativo est\u00e1 dispon\u00edvel no endere\u00e7o eletr\u00f4nico da ag\u00eancia de transportes aquavi\u00e1rios e as contribui\u00e7\u00f5es poder\u00e3o ser encaminhadas at\u00e9 \u00e0s 18 horas do pr\u00f3ximo dia 21, por meio de formul\u00e1rio eletr\u00f4nico tamb\u00e9m dispon\u00edvel no link \u201caudi\u00eancia p\u00fablica\u201d.<\/p>\n<p>Ser\u00e3o aceitas apenas as contribui\u00e7\u00f5es enviadas por meio do formul\u00e1rio eletr\u00f4nico. Caso o interessado n\u00e3o tenha os recursos necess\u00e1rios para o envio da contribui\u00e7\u00e3o, poder\u00e1 realizar a sua contribui\u00e7\u00e3o utilizando computador da Secretaria Geral da Antaq, no caso de Bras\u00edlia, ou das Unidades Regionais da ag\u00eancia, cujos endere\u00e7os est\u00e3o dispon\u00edveis no s\u00edtio.<\/p>\n<p>Fonte: Ag\u00eancia Nacional de Transportes Aquavi\u00e1rios<\/p>\n","protected":false},"excerpt":{"rendered":"<p>Nesta quinta-feira (9), a Ag\u00eancia Nacional de Transportes Aquavi\u00e1rios (Antaq) promove audi\u00eancia p\u00fablica para aprimorar o ato normativo aprovado pela Resolu\u00e7\u00e3o n\u00ba 3.638-Antaq, que objetiva&#8230;<\/p>\n","protected":false},"author":1182,"featured_media":0,"comment_status":"closed","ping_status":"closed","sticky":false,"template":"","format":"standard","meta":{"footnotes":""},"categories":[6],"tags":[],"class_list":["post-8278","post","type-post","status-publish","format-standard","hentry","category-noticias"],"_links":{"self":[{"href":"https:\/\/www.sincomam.org.br\/index.php\/wp-json\/wp\/v2\/posts\/8278","targetHints":{"allow":["GET"]}}],"collection":[{"href":"https:\/\/www.sincomam.org.br\/index.php\/wp-json\/wp\/v2\/posts"}],"about":[{"href":"https:\/\/www.sincomam.org.br\/index.php\/wp-json\/wp\/v2\/types\/post"}],"author":[{"embeddable":true,"href":"https:\/\/www.sincomam.org.br\/index.php\/wp-json\/wp\/v2\/users\/1182"}],"replies":[{"embeddable":true,"href":"https:\/\/www.sincomam.org.br\/index.php\/wp-json\/wp\/v2\/comments?post=8278"}],"version-history":[{"count":1,"href":"https:\/\/www.sincomam.org.br\/index.php\/wp-json\/wp\/v2\/posts\/8278\/revisions"}],"predecessor-version":[{"id":8279,"href":"https:\/\/www.sincomam.org.br\/index.php\/wp-json\/wp\/v2\/posts\/8278\/revisions\/8279"}],"wp:attachment":[{"href":"https:\/\/www.sincomam.org.br\/index.php\/wp-json\/wp\/v2\/media?parent=8278"}],"wp:term":[{"taxonomy":"category","embeddable":true,"href":"https:\/\/www.sincomam.org.br\/index.php\/wp-json\/wp\/v2\/categories?post=8278"},{"taxonomy":"post_tag","embeddable":true,"href":"https:\/\/www.sincomam.org.br\/index.php\/wp-json\/wp\/v2\/tags?post=8278"}],"curies":[{"name":"wp","href":"https:\/\/api.w.org\/{rel}","templated":true}]}}