{"id":8265,"date":"2014-10-08T10:32:01","date_gmt":"2014-10-08T13:32:01","guid":{"rendered":"http:\/\/www.sincomam.org.br\/?p=8265"},"modified":"2014-10-08T10:32:20","modified_gmt":"2014-10-08T13:32:20","slug":"saude-descarta-possibilidade-de-ebola-em-paciente-atendido-no-porto-de-vitoria-es","status":"publish","type":"post","link":"https:\/\/www.sincomam.org.br\/index.php\/saude-descarta-possibilidade-de-ebola-em-paciente-atendido-no-porto-de-vitoria-es\/","title":{"rendered":"Minist\u00e9rio da Sa\u00fade descarta possibilidade de ebola em paciente atendido no Porto de Vit\u00f3ria (ES)"},"content":{"rendered":"<p>O Minist\u00e9rio da Sa\u00fade informou que foi descartada a possibilidade de ebola em um paciente atendido na madrugada da \u00faltima quinta-feira (2) no Porto de Vit\u00f3ria. De acordo com a pasta, um navio vindo de Cabo Verde, na \u00c1frica Ocidental, fez uma parada de emerg\u00eancia no porto capixaba depois que um dos tripulantes passou mal. O homem, de 47 anos, estava a bordo do navio Peter Faber, de bandeira francesa, e apresentava quadro diarreico h\u00e1 cinco dias, sem relato de febre e com dores abdominais.<\/p>\n<p>\u201cA tripula\u00e7\u00e3o foi orientada a desembarcar no Porto de Vit\u00f3ria para que o paciente recebesse atendimento m\u00e9dico&#8221;, informou em nota o minist\u00e9rio. De acordo com a nota, o paciente desembarcou \u00e0s 4h da madrugada e foi atendido pela equipe da Ag\u00eancia Nacional de Vigil\u00e2ncia Sanit\u00e1ria (Anvisa) lotada no porto. &#8220;De imediato, e com bases nos sintomas, foi descartada a possibilidade de contamina\u00e7\u00e3o pelo v\u00edrus ebola\u201d, diz a nota.<\/p>\n<p>Ainda segundo o minist\u00e9rio, o homem foi encaminhado para uma unidade hospitalar, onde foram feitos todos os exames necess\u00e1rios, est\u00e1 hidratado, medicado e fora da crise. Toda a opera\u00e7\u00e3o foi acompanhada pelo Minist\u00e9rio da Defesa, e a situa\u00e7\u00e3o do paciente foi monitorada pela equipe de vigil\u00e2ncia epidemiol\u00f3gica do estado.<\/p>\n<p>O Minist\u00e9rio da Sa\u00fade lembrou que Cabo Verde n\u00e3o apresenta casos identificados de ebola e ressaltou que, at\u00e9 o momento, o Brasil n\u00e3o registra casos suspeitos ou confirmados da doen\u00e7a. O risco de transmiss\u00e3o para o pa\u00eds, de acordo com o minist\u00e9rio, \u00e9 considerado baixo.<\/p>\n<p>Fonte: VitoriaNews<\/p>\n<p>Foto: Chief Petty Officer Jerrold Diederich\/ US Navy \/ <strong>Marinha dos EUA realiza cerca de 80 testes de Ebola por dia, em laborat\u00f3rio m\u00f3vel na Liberia<\/strong><\/p>\n","protected":false},"excerpt":{"rendered":"<p>O Minist\u00e9rio da Sa\u00fade informou que foi descartada a possibilidade de ebola em um paciente atendido na madrugada da \u00faltima quinta-feira (2) no Porto de&#8230;<\/p>\n","protected":false},"author":1182,"featured_media":8266,"comment_status":"closed","ping_status":"closed","sticky":false,"template":"","format":"standard","meta":{"footnotes":""},"categories":[6],"tags":[],"class_list":["post-8265","post","type-post","status-publish","format-standard","has-post-thumbnail","hentry","category-noticias"],"_links":{"self":[{"href":"https:\/\/www.sincomam.org.br\/index.php\/wp-json\/wp\/v2\/posts\/8265","targetHints":{"allow":["GET"]}}],"collection":[{"href":"https:\/\/www.sincomam.org.br\/index.php\/wp-json\/wp\/v2\/posts"}],"about":[{"href":"https:\/\/www.sincomam.org.br\/index.php\/wp-json\/wp\/v2\/types\/post"}],"author":[{"embeddable":true,"href":"https:\/\/www.sincomam.org.br\/index.php\/wp-json\/wp\/v2\/users\/1182"}],"replies":[{"embeddable":true,"href":"https:\/\/www.sincomam.org.br\/index.php\/wp-json\/wp\/v2\/comments?post=8265"}],"version-history":[{"count":2,"href":"https:\/\/www.sincomam.org.br\/index.php\/wp-json\/wp\/v2\/posts\/8265\/revisions"}],"predecessor-version":[{"id":8268,"href":"https:\/\/www.sincomam.org.br\/index.php\/wp-json\/wp\/v2\/posts\/8265\/revisions\/8268"}],"wp:featuredmedia":[{"embeddable":true,"href":"https:\/\/www.sincomam.org.br\/index.php\/wp-json\/wp\/v2\/media\/8266"}],"wp:attachment":[{"href":"https:\/\/www.sincomam.org.br\/index.php\/wp-json\/wp\/v2\/media?parent=8265"}],"wp:term":[{"taxonomy":"category","embeddable":true,"href":"https:\/\/www.sincomam.org.br\/index.php\/wp-json\/wp\/v2\/categories?post=8265"},{"taxonomy":"post_tag","embeddable":true,"href":"https:\/\/www.sincomam.org.br\/index.php\/wp-json\/wp\/v2\/tags?post=8265"}],"curies":[{"name":"wp","href":"https:\/\/api.w.org\/{rel}","templated":true}]}}