{"id":8251,"date":"2014-10-08T10:01:24","date_gmt":"2014-10-08T13:01:24","guid":{"rendered":"http:\/\/www.sincomam.org.br\/?p=8251"},"modified":"2014-10-08T10:01:24","modified_gmt":"2014-10-08T13:01:24","slug":"implantacao-do-porto-seco-sera-discutida-na-proxima-sexta-feira","status":"publish","type":"post","link":"https:\/\/www.sincomam.org.br\/index.php\/implantacao-do-porto-seco-sera-discutida-na-proxima-sexta-feira\/","title":{"rendered":"Implanta\u00e7\u00e3o do Porto Seco ser\u00e1 discutida na pr\u00f3xima sexta-feira"},"content":{"rendered":"<p>A prefeita de Tr\u00eas Lagoas, Marcia Moura (PMDB), receber\u00e1 o Superintendente da Receita Federal do Centro Oeste, Jos\u00e9 Olefkovicz, e o Delegado da Receita Federal em Campo Grande, Fl\u00e1vio de Barros Cunha, na pr\u00f3xima sexta-feira (10). Eles estar\u00e3o no Munic\u00edpio para realizar visita t\u00e9cnica e tratar da implanta\u00e7\u00e3o da Esta\u00e7\u00e3o Aduaneira do Interior (EADI) \u2013 Porto Seco.<\/p>\n<p>Al\u00e9m da visita t\u00e9cnica ao local destinado para constru\u00e7\u00e3o da EADI, no Distrito Industrial II, ser\u00e1 ministrada uma palestra e explana\u00e7\u00e3o, a partir das 8h30 na sede do Sest\/Senat, para empres\u00e1rios e seguimentos relacionados ao setor, no objetivo de sanar as d\u00favidas sobre implanta\u00e7\u00e3o e opera\u00e7\u00e3o do Porto Seco em Tr\u00eas Lagoas.<\/p>\n<p>\u201cEsta discuss\u00e3o referente ao Porto do Seco \u00e9 um trabalho desenvolvido h\u00e1 anos e este \u00e9 um momento que estamos mais pr\u00f3ximos de sua implanta\u00e7\u00e3o. \u00c9 fruto tamb\u00e9m d\u00e1 \u00faltima reuni\u00e3o que tive com o Superintendente Olefkovicz protocolando o projeto de constru\u00e7\u00e3o do mesmo\u201d, observou a prefeita Marcia Moura.<\/p>\n<p>O Estudo de Viabilidade T\u00e9cnica Econ\u00f4mica e Ambiental bem como de or\u00e7amento das obras j\u00e1 foram conclu\u00eddos. A \u00e1rea destinada \u00e0 constru\u00e7\u00e3o e opera\u00e7\u00e3o do Porto Seco \u00e9 de 202.059 m\u00b2<\/p>\n<p>\u201cSe aprovada sua implanta\u00e7\u00e3o, o Porto Seco atender\u00e1 com pleno \u00eaxito a circula\u00e7\u00e3o de produtos devidamente alfandegados, dentro dos par\u00e2metros e legisla\u00e7\u00e3o oficiais\u201d, explicou o diretor de Ind\u00fastria e Com\u00e9rcio, da Secretaria Municipal de Desenvolvimento Econ\u00f4mico, Di\u00f3genes Marques.<\/p>\n<p>\u201c\u00c9 um avan\u00e7o nesta fase de concretiza\u00e7\u00e3o do projeto EADI que, quando efetivado dar\u00e1 agilidade ao escoamento de produtos aos portos exportadores\u201d, comentou o secret\u00e1rio de Desenvolvimento Econ\u00f4mico, Luciano Dutra.<\/p>\n<p>A unidade do Sest\/Senat est\u00e1 localizada na Avenida Ponta Por\u00e3, n\u00ba 2.640, Jardim Alvorada.<\/p>\n<p>Fonte: Assessoria de Comunica\u00e7\u00e3o da Prefeitura de Tr\u00eas Lagoas<\/p>\n","protected":false},"excerpt":{"rendered":"<p>A prefeita de Tr\u00eas Lagoas, Marcia Moura (PMDB), receber\u00e1 o Superintendente da Receita Federal do Centro Oeste, Jos\u00e9 Olefkovicz, e o Delegado da Receita Federal&#8230;<\/p>\n","protected":false},"author":1182,"featured_media":8253,"comment_status":"closed","ping_status":"closed","sticky":false,"template":"","format":"standard","meta":{"footnotes":""},"categories":[6],"tags":[],"class_list":["post-8251","post","type-post","status-publish","format-standard","has-post-thumbnail","hentry","category-noticias"],"_links":{"self":[{"href":"https:\/\/www.sincomam.org.br\/index.php\/wp-json\/wp\/v2\/posts\/8251","targetHints":{"allow":["GET"]}}],"collection":[{"href":"https:\/\/www.sincomam.org.br\/index.php\/wp-json\/wp\/v2\/posts"}],"about":[{"href":"https:\/\/www.sincomam.org.br\/index.php\/wp-json\/wp\/v2\/types\/post"}],"author":[{"embeddable":true,"href":"https:\/\/www.sincomam.org.br\/index.php\/wp-json\/wp\/v2\/users\/1182"}],"replies":[{"embeddable":true,"href":"https:\/\/www.sincomam.org.br\/index.php\/wp-json\/wp\/v2\/comments?post=8251"}],"version-history":[{"count":1,"href":"https:\/\/www.sincomam.org.br\/index.php\/wp-json\/wp\/v2\/posts\/8251\/revisions"}],"predecessor-version":[{"id":8254,"href":"https:\/\/www.sincomam.org.br\/index.php\/wp-json\/wp\/v2\/posts\/8251\/revisions\/8254"}],"wp:featuredmedia":[{"embeddable":true,"href":"https:\/\/www.sincomam.org.br\/index.php\/wp-json\/wp\/v2\/media\/8253"}],"wp:attachment":[{"href":"https:\/\/www.sincomam.org.br\/index.php\/wp-json\/wp\/v2\/media?parent=8251"}],"wp:term":[{"taxonomy":"category","embeddable":true,"href":"https:\/\/www.sincomam.org.br\/index.php\/wp-json\/wp\/v2\/categories?post=8251"},{"taxonomy":"post_tag","embeddable":true,"href":"https:\/\/www.sincomam.org.br\/index.php\/wp-json\/wp\/v2\/tags?post=8251"}],"curies":[{"name":"wp","href":"https:\/\/api.w.org\/{rel}","templated":true}]}}