{"id":8235,"date":"2014-10-07T08:59:47","date_gmt":"2014-10-07T11:59:47","guid":{"rendered":"http:\/\/www.sincomam.org.br\/?p=8235"},"modified":"2014-10-07T16:00:27","modified_gmt":"2014-10-07T19:00:27","slug":"iesa-confirma-fim-de-ferias-em-charqueadas-rs","status":"publish","type":"post","link":"https:\/\/www.sincomam.org.br\/index.php\/iesa-confirma-fim-de-ferias-em-charqueadas-rs\/","title":{"rendered":"Iesa confirma fim de f\u00e9rias em Charqueadas (RS)"},"content":{"rendered":"<p>As f\u00e9rias coletivas, decretadas em meados de setembro pela planta de constru\u00e7\u00e3o naval da Iesa \u00d3leo e G\u00e1s, localizada em Charqueadas, est\u00e3o prestes a acabar. O departamento de Comunica\u00e7\u00e3o e Marketing da companhia confirmou que os funcion\u00e1rios retomar\u00e3o as suas atividades na pr\u00f3xima semana, a partir da quarta-feira. Segundo o presidente do Sindicato dos Metal\u00fargicos do munic\u00edpio, Jorge Luiz de Carvalho, s\u00e3o cerca de 800 pessoas que devem voltar ao trabalho.<\/p>\n<p>O prefeito de Charqueadas, Davi Gilmar de Abreu Souza, admite que a not\u00edcia \u00e9 animadora. \u201cMas o que vai nos tranquilizar \u00e9 a Iesa consolidar a parceria com a Andrade Gutierrez\u201d, enfatiza o dirigente. De acordo com Souza, a expectativa \u00e9 de que esse processo seja finalizado nos pr\u00f3ximos dias. O grupo Andrade Gutierrez apalavrou a realiza\u00e7\u00e3o de sociedade com a Iesa, mas at\u00e9 o momento o contrato ainda n\u00e3o foi assinado. <\/p>\n<p>Em nota, a Andrade Gutierrez informa que \u201co acordo com a Petrobras e a Iesa para entrada no projeto do polo naval de Jacu\u00ed j\u00e1 encerrou sua fase de negocia\u00e7\u00e3o. A empresa est\u00e1 acompanhando de perto as negocia\u00e7\u00f5es dos trabalhadores com a Iesa e s\u00f3 ir\u00e1 se pronunciar sobre o tema ap\u00f3s a assinatura do contrato.\u201d O prefeito de Charqueadas comenta que j\u00e1 h\u00e1 pessoal da Andrade Gutierrez atuando no complexo ga\u00facho e tomando decis\u00f5es em conjunto com a Iesa.<br \/>\nA planta foi constru\u00edda para fabricar m\u00f3dulos de compress\u00e3o para plataformas de petr\u00f3leo replicantes (id\u00eanticas) que ser\u00e3o instaladas na \u00e1rea do pr\u00e9-sal. As estruturas foram encomendadas pela Tupi BV, que tem como acionistas a Petrobras, o BG Group e a Petrogal. O valor das encomendas supera o patamar de R$ 1 bilh\u00e3o, por\u00e9m seus cronogramas encontram-se atrasados. A Iesa vem sofrendo dificuldades para operar sua unidade no Rio Grande do Sul em raz\u00e3o de problemas econ\u00f4micos enfrentados pelo seu grupo controlador (a Inepar), que h\u00e1 pouco tempo entrou em processo de recupera\u00e7\u00e3o judicial. A Inepar possui d\u00edvidas com credores na ordem de R$ 4 bilh\u00f5es. Entre as institui\u00e7\u00f5es financeiras que esperam receber da companhia est\u00e3o o Badesul (R$ 43,7 milh\u00f5es), o Banrisul (R$ 3,6 milh\u00f5es) e o BRDE (R$ 1,4 milh\u00e3o).<\/p>\n<p>Inicialmente, a perspectiva era que a estrutura de Charqueadas fizesse 24 m\u00f3dulos, com a possibilidade de mais oito serem acrescentados a esse total. Por\u00e9m, devido \u00e0 demora na realiza\u00e7\u00e3o da demanda, esse n\u00famero caiu pela metade. \u201cSe mantivermos os 16, est\u00e1 muito bom\u201d, conforma-se o prefeito. Entretanto, o presidente do Sindicato dos Metal\u00fargicos da cidade considera que o polo naval do Jacu\u00ed est\u00e1 comprometido com a perda de parte das encomendas. \u201cNada do que foi propagado est\u00e1 se confirmando\u201d, lamenta Carvalho. O sindicalista acrescenta que os trabalhadores est\u00e3o receosos que t\u00e3o logo sejam encerradas as f\u00e9rias coletivas, a empresa demita alguns funcion\u00e1rios. O presidente do sindicato tamb\u00e9m revela que outro temor \u00e9 quanto ao atraso de pagamentos. Carvalho adianta que, se os rumores negativos forem verdadeiros, n\u00e3o est\u00e1 descartada a realiza\u00e7\u00e3o de uma greve.<\/p>\n<p>Fonte: Jornal do Com\u00e9rcio<\/p>\n","protected":false},"excerpt":{"rendered":"<p>As f\u00e9rias coletivas, decretadas em meados de setembro pela planta de constru\u00e7\u00e3o naval da Iesa \u00d3leo e G\u00e1s, localizada em Charqueadas, est\u00e3o prestes a acabar&#8230;.<\/p>\n","protected":false},"author":1182,"featured_media":0,"comment_status":"closed","ping_status":"closed","sticky":false,"template":"","format":"standard","meta":{"footnotes":""},"categories":[6],"tags":[],"class_list":["post-8235","post","type-post","status-publish","format-standard","hentry","category-noticias"],"_links":{"self":[{"href":"https:\/\/www.sincomam.org.br\/index.php\/wp-json\/wp\/v2\/posts\/8235","targetHints":{"allow":["GET"]}}],"collection":[{"href":"https:\/\/www.sincomam.org.br\/index.php\/wp-json\/wp\/v2\/posts"}],"about":[{"href":"https:\/\/www.sincomam.org.br\/index.php\/wp-json\/wp\/v2\/types\/post"}],"author":[{"embeddable":true,"href":"https:\/\/www.sincomam.org.br\/index.php\/wp-json\/wp\/v2\/users\/1182"}],"replies":[{"embeddable":true,"href":"https:\/\/www.sincomam.org.br\/index.php\/wp-json\/wp\/v2\/comments?post=8235"}],"version-history":[{"count":1,"href":"https:\/\/www.sincomam.org.br\/index.php\/wp-json\/wp\/v2\/posts\/8235\/revisions"}],"predecessor-version":[{"id":8236,"href":"https:\/\/www.sincomam.org.br\/index.php\/wp-json\/wp\/v2\/posts\/8235\/revisions\/8236"}],"wp:attachment":[{"href":"https:\/\/www.sincomam.org.br\/index.php\/wp-json\/wp\/v2\/media?parent=8235"}],"wp:term":[{"taxonomy":"category","embeddable":true,"href":"https:\/\/www.sincomam.org.br\/index.php\/wp-json\/wp\/v2\/categories?post=8235"},{"taxonomy":"post_tag","embeddable":true,"href":"https:\/\/www.sincomam.org.br\/index.php\/wp-json\/wp\/v2\/tags?post=8235"}],"curies":[{"name":"wp","href":"https:\/\/api.w.org\/{rel}","templated":true}]}}