{"id":8224,"date":"2014-10-06T08:09:08","date_gmt":"2014-10-06T11:09:08","guid":{"rendered":"http:\/\/www.sincomam.org.br\/?p=8224"},"modified":"2014-10-03T15:17:01","modified_gmt":"2014-10-03T18:17:01","slug":"porto-de-santos-sera-fechado-por-varios-dias-para-trabalhos-do-tunel","status":"publish","type":"post","link":"https:\/\/www.sincomam.org.br\/index.php\/porto-de-santos-sera-fechado-por-varios-dias-para-trabalhos-do-tunel\/","title":{"rendered":"Porto de Santos ser\u00e1 fechado por v\u00e1rios dias para trabalhos do t\u00fanel"},"content":{"rendered":"<p>Trechos do canal do Porto de Santos, no litoral de S\u00e3o Paulo, ser\u00e3o interditados ao longo dos pr\u00f3ximos 13 dias para a realiza\u00e7\u00e3o dos servi\u00e7os de sondagem para a implanta\u00e7\u00e3o do t\u00fanel entre as cidades de Santos e Guaruj\u00e1. <\/p>\n<p>A primeira interdi\u00e7\u00e3o foi feita ontem, quinta-feira (2), das 11h \u00e0s 23h, entre os armaz\u00e9ns 28 e 29. Os trechos de bloqueio modificam com o passar dos dias.\u00a0<\/p>\n<p>A Dersa ir\u00e1 testar a estabilidade do subsolo no canal do Porto de Santos para a implanta\u00e7\u00e3o do t\u00fanel entre Santos e Guaruj\u00e1. A Dersa ir\u00e1 utilizar uma m\u00e1quina de grande porte que desce at\u00e9 o subsolo do canal e coletar\u00e1 amostras que, posteriormente, ser\u00e3o enviadas para um laborat\u00f3rio onde ser\u00e3o feitos outros testes. O objetivo \u00e9 que os t\u00e9cnicos e engenheiros tenham todas as informa\u00e7\u00f5es necess\u00e1rias sobre o solo para a implanta\u00e7\u00e3o do t\u00fanel. O trabalho ser\u00e1 realizado em v\u00e1rios pontos do canal durante 13 dias.\u00a0<\/p>\n<p>De acordo com o comandante Alexandre Motta de Sousa, da Capitania dos Portos, as restri\u00e7\u00f5es de navega\u00e7\u00e3o s\u00e3o apenas no trecho interditado. &#8220;Vai fechar o tr\u00e2nsito n\u00e3o s\u00f3 para os navios, mas para as embarca\u00e7\u00f5es de pequeno porte tamb\u00e9m. Nesta quinta-feira ser\u00e1 entre os armaz\u00e9ns 28 e 29. O navio pode entrar no Porto desde que n\u00e3o v\u00e1 atracar nesses armaz\u00e9ns&#8221;, explica. De acordo com Sousa, o trabalho foi programado com anteced\u00eancia e todos os \u00f3rg\u00e3os respons\u00e1veis foram comunicados para n\u00e3o prejudicar os servi\u00e7os portu\u00e1rios.\u00a0<\/p>\n<p>A Companhia Docas do Estado de S\u00e3o Paulo (Codesp) recebeu o comunicado sobre a interdi\u00e7\u00e3o do trecho e tamb\u00e9m avisou as ag\u00eancias de navega\u00e7\u00e3o sobre o bloqueio. A Codesp est\u00e1 remanejando a atraca\u00e7\u00e3o dos navios que ir\u00e3o chegar ao Porto de Santos para outro dia. Segundo a Codesp, n\u00e3o h\u00e1 congestionamentos no canal por conta dessa a\u00e7\u00e3o. Cerca de 14 navios atracam diariamente no cais santista.<\/p>\n<p>Fonte: G1 Santos<\/p>\n","protected":false},"excerpt":{"rendered":"<p>Trechos do canal do Porto de Santos, no litoral de S\u00e3o Paulo, ser\u00e3o interditados ao longo dos pr\u00f3ximos 13 dias para a realiza\u00e7\u00e3o dos servi\u00e7os&#8230;<\/p>\n","protected":false},"author":1182,"featured_media":0,"comment_status":"closed","ping_status":"closed","sticky":false,"template":"","format":"standard","meta":{"footnotes":""},"categories":[6],"tags":[],"class_list":["post-8224","post","type-post","status-publish","format-standard","hentry","category-noticias"],"_links":{"self":[{"href":"https:\/\/www.sincomam.org.br\/index.php\/wp-json\/wp\/v2\/posts\/8224","targetHints":{"allow":["GET"]}}],"collection":[{"href":"https:\/\/www.sincomam.org.br\/index.php\/wp-json\/wp\/v2\/posts"}],"about":[{"href":"https:\/\/www.sincomam.org.br\/index.php\/wp-json\/wp\/v2\/types\/post"}],"author":[{"embeddable":true,"href":"https:\/\/www.sincomam.org.br\/index.php\/wp-json\/wp\/v2\/users\/1182"}],"replies":[{"embeddable":true,"href":"https:\/\/www.sincomam.org.br\/index.php\/wp-json\/wp\/v2\/comments?post=8224"}],"version-history":[{"count":1,"href":"https:\/\/www.sincomam.org.br\/index.php\/wp-json\/wp\/v2\/posts\/8224\/revisions"}],"predecessor-version":[{"id":8225,"href":"https:\/\/www.sincomam.org.br\/index.php\/wp-json\/wp\/v2\/posts\/8224\/revisions\/8225"}],"wp:attachment":[{"href":"https:\/\/www.sincomam.org.br\/index.php\/wp-json\/wp\/v2\/media?parent=8224"}],"wp:term":[{"taxonomy":"category","embeddable":true,"href":"https:\/\/www.sincomam.org.br\/index.php\/wp-json\/wp\/v2\/categories?post=8224"},{"taxonomy":"post_tag","embeddable":true,"href":"https:\/\/www.sincomam.org.br\/index.php\/wp-json\/wp\/v2\/tags?post=8224"}],"curies":[{"name":"wp","href":"https:\/\/api.w.org\/{rel}","templated":true}]}}