{"id":8188,"date":"2014-10-03T09:31:20","date_gmt":"2014-10-03T12:31:20","guid":{"rendered":"http:\/\/www.sincomam.org.br\/?p=8188"},"modified":"2014-10-03T09:31:20","modified_gmt":"2014-10-03T12:31:20","slug":"forcas-armadas-empregarao-30-mil-homens-em-326-cidades-nas-eleicoes","status":"publish","type":"post","link":"https:\/\/www.sincomam.org.br\/index.php\/forcas-armadas-empregarao-30-mil-homens-em-326-cidades-nas-eleicoes\/","title":{"rendered":"For\u00e7as Armadas empregar\u00e3o 30 mil homens em 326 cidades nas elei\u00e7\u00f5es"},"content":{"rendered":"<p><strong><em>Avi\u00f5es da FAB, helic\u00f3pteros, lanchas e navios ser\u00e3o usados neste domingo. Ex\u00e9rcito atua no Conjunto de Favelas da Mar\u00e9, no Rio de Janeiro, para refor\u00e7ar a seguran\u00e7a na localidade no dia da elei\u00e7\u00e3o<\/em><\/strong><\/p>\n<p>O Minist\u00e9rio da Defesa informou que as For\u00e7as Armadas empregar\u00e3o 30 mil militares em 326 cidades durante as elei\u00e7\u00f5es. Entre as a\u00e7\u00f5es que ser\u00e3o feitas pelas For\u00e7as Armadas, ser\u00e3o empregados avi\u00f5es da For\u00e7a A\u00e9rea Brasileira (FAB), helic\u00f3pteros, lanchas e navios da Marinha.<\/p>\n<p>Os estados que receber\u00e3o os militares apresentaram solicita\u00e7\u00e3o junto aos tribunais regionais eleitorais (TREs) e pediram apoio de garantia da ordem e ajuda em log\u00edstica. Os pedidos, conforme o minist\u00e9rio, foram levados ao Tribunal Superior Eleitoral (TSE) e, em seguida, encaminhados \u00e0 pasta.<\/p>\n<p>At\u00e9 a \u00faltima ter\u00e7a-feira, 238 munic\u00edpios solicitaram a garantia da lei e da ordem e 88, apoio log\u00edstico. Conforme o Minist\u00e9rio da Defesa, o n\u00famero de cidades que pediram apoio \u00e0s For\u00e7as Armadas podem aumentar at\u00e9 a pr\u00f3xima quinta (2), dia em que se encerra o prazo para que os pedidos sejam apresentados.<\/p>\n<p>De acordo com o minist\u00e9rio, quando o munic\u00edpio pede a garantia da lei e da ordem, a opera\u00e7\u00e3o dos militares est\u00e1 relacionada a garantir a seguran\u00e7a durante os momentos de vota\u00e7\u00e3o e apura\u00e7\u00e3o. Conforme a pasta, o apoio log\u00edstico significa levar urnas e funcion\u00e1rios a lugares de dif\u00edcil acesso.<\/p>\n<p>No caso da favela da Mar\u00e9, no Rio de Janeiro, onde j\u00e1 ha atua\u00e7\u00e3o das For\u00e7as Armadas, 2,5 mil militares continuar\u00e3o no local at\u00e9 dezembro deste ano. A opera\u00e7\u00e3o no conjunto de favelas da foi autorizada em mar\u00e7o pela presidente Dilma Rousseff. Desde ent\u00e3o, homens do Ex\u00e9rcito t\u00eam auxiliado no processo de instala\u00e7\u00e3o de uma Unidade de Pol\u00edcia Pacificadora (UPP) na localidade.<\/p>\n<p><strong>Treinamento<\/strong><\/p>\n<p>O Minist\u00e9rio da Justi\u00e7a informou ainda que representantes dos 26 estados e do Distrito Federal iniciaram em Bras\u00edlia treinamento para padronizar o planejamento operacional de seguran\u00e7a p\u00fablica para o dia das elei\u00e7\u00f5es.<\/p>\n<p>De acordo com a pasta, as a\u00e7\u00f5es ser\u00e3o baseadas em opera\u00e7\u00f5es feitas durante o per\u00edodo da Copa do Mundo e haver\u00e1 o compartilhamento de informa\u00e7\u00f5es para evitar crimes eleitorais. Cada estado ter\u00e1 um comit\u00ea os centros servir\u00e1 como fonte de dados para as tropas federais, pol\u00edcias estaduais e tribunais eleitorais.<\/p>\n<p>Fonte: G1 \/ Foto: Tania Reg\u00f4\/Ag\u00eancia Brasil<\/p>\n","protected":false},"excerpt":{"rendered":"<p>Avi\u00f5es da FAB, helic\u00f3pteros, lanchas e navios ser\u00e3o usados neste domingo. Ex\u00e9rcito atua no Conjunto de Favelas da Mar\u00e9, no Rio de Janeiro, para refor\u00e7ar&#8230;<\/p>\n","protected":false},"author":1182,"featured_media":8189,"comment_status":"closed","ping_status":"closed","sticky":false,"template":"","format":"standard","meta":{"footnotes":""},"categories":[6],"tags":[1416,894,59],"class_list":["post-8188","post","type-post","status-publish","format-standard","has-post-thumbnail","hentry","category-noticias","tag-eleicoes","tag-forcas-armadas","tag-rio-de-janeiro"],"_links":{"self":[{"href":"https:\/\/www.sincomam.org.br\/index.php\/wp-json\/wp\/v2\/posts\/8188","targetHints":{"allow":["GET"]}}],"collection":[{"href":"https:\/\/www.sincomam.org.br\/index.php\/wp-json\/wp\/v2\/posts"}],"about":[{"href":"https:\/\/www.sincomam.org.br\/index.php\/wp-json\/wp\/v2\/types\/post"}],"author":[{"embeddable":true,"href":"https:\/\/www.sincomam.org.br\/index.php\/wp-json\/wp\/v2\/users\/1182"}],"replies":[{"embeddable":true,"href":"https:\/\/www.sincomam.org.br\/index.php\/wp-json\/wp\/v2\/comments?post=8188"}],"version-history":[{"count":1,"href":"https:\/\/www.sincomam.org.br\/index.php\/wp-json\/wp\/v2\/posts\/8188\/revisions"}],"predecessor-version":[{"id":8190,"href":"https:\/\/www.sincomam.org.br\/index.php\/wp-json\/wp\/v2\/posts\/8188\/revisions\/8190"}],"wp:featuredmedia":[{"embeddable":true,"href":"https:\/\/www.sincomam.org.br\/index.php\/wp-json\/wp\/v2\/media\/8189"}],"wp:attachment":[{"href":"https:\/\/www.sincomam.org.br\/index.php\/wp-json\/wp\/v2\/media?parent=8188"}],"wp:term":[{"taxonomy":"category","embeddable":true,"href":"https:\/\/www.sincomam.org.br\/index.php\/wp-json\/wp\/v2\/categories?post=8188"},{"taxonomy":"post_tag","embeddable":true,"href":"https:\/\/www.sincomam.org.br\/index.php\/wp-json\/wp\/v2\/tags?post=8188"}],"curies":[{"name":"wp","href":"https:\/\/api.w.org\/{rel}","templated":true}]}}