{"id":8171,"date":"2014-10-03T08:22:56","date_gmt":"2014-10-03T11:22:56","guid":{"rendered":"http:\/\/www.sincomam.org.br\/?p=8171"},"modified":"2014-10-02T12:29:32","modified_gmt":"2014-10-02T15:29:32","slug":"producao-industrial-cresce-07-em-agosto-mostra-ibge","status":"publish","type":"post","link":"https:\/\/www.sincomam.org.br\/index.php\/producao-industrial-cresce-07-em-agosto-mostra-ibge\/","title":{"rendered":"Produ\u00e7\u00e3o industrial cresce 0,7% em agosto, mostra IBGE"},"content":{"rendered":"<p><strong><em>Na compara\u00e7\u00e3o com agosto de 2013, atividade recuou 5,4%<\/p>\n<p><\/em><\/strong>A produ\u00e7\u00e3o da ind\u00fastria nacional registrou alta de 0,7% em agosto, na compara\u00e7\u00e3o com o m\u00eas anterior, segundo dados divulgados nesta quinta-feira (2) pelo Instituto Brasileiro de Geografia e Estat\u00edstica (IBGE).<\/p>\n<p>Esse \u00e9 o segundo avan\u00e7o da produ\u00e7\u00e3o, depois de registrar queda entre mar\u00e7o e junho (segundo dados revisados). No m\u00eas anterior ao da pesquisa, julho, o avan\u00e7o tamb\u00e9m havia sido de 0,7%.<\/p>\n<p>\u201c\u00c9 uma melhora em rela\u00e7\u00e3o a um passado recente, mas n\u00e3o zera as perdas. S\u00e3o dois resultados positivos, mas n\u00e3o s\u00f3 n\u00e3o recupera esse per\u00edodo tampouco suplanta a perda do m\u00eas de junho isoladamente. Precisaria de um movimento consistente [para se falar em recupera\u00e7\u00e3o]\u201d, afirmou o gerente da Coordena\u00e7\u00e3o de Ind\u00fastria do IBGE, Andr\u00e9 Luiz Macedo. No ano, a atividade fabril acumula recuo de 3,1% e, em 12 meses, de 1,8%.<\/p>\n<p>O IBGE atribui o resultado positivo ao desempenho de 14 dos 24 ramos pesquisados, com destaque para o crescimento de 2,4% das ind\u00fastrias extrativas. Na sequ\u00eancia, aparecem os setores de m\u00e1quinas e equipamentos (3,9%), de coque, produtos derivados do petr\u00f3leo e biocombust\u00edveis (1,5%), de produtos aliment\u00edcios (1,1%), de produtos de borracha e material pl\u00e1stico (4,1%), de produtos do fumo (15,4%) e de produtos de metal (2,7%).<\/p>\n<p>Entre os setores que mostraram queda na produ\u00e7\u00e3o est\u00e3o as ind\u00fastrias de bebidas (-6,1%), perfumaria, sab\u00f5es, detergentes e produtos de limpeza (-4,2%), produtos farmac\u00eauticos e farmoqu\u00edmicos (-7,4%), ve\u00edculos automotores, reboques e carrocerias (-1,5%) e outros equipamentos de transporte (-6,9%).<\/p>\n<p>O resultado negativo do setor de bebidas est\u00e1 relacionado ao aumento da produ\u00e7\u00e3o dessa atividade para a Copa do Mundo, segundo o gerente do IBGE.<\/p>\n<p>Na an\u00e1lise das categorias econ\u00f4micas, apenas bens intermedi\u00e1rios registrou aumento na produ\u00e7\u00e3o, de 1,1%, ap\u00f3s recuar por quatro meses seguidos. O segmento de bens de capital n\u00e3o mostrou varia\u00e7\u00e3o, o de bens de consumo dur\u00e1veis caiu 3% e o de bens de consumo semi e n\u00e3o-dur\u00e1veis, 0,8%.<\/p>\n<p><strong>Resultados negativos<\/strong><\/p>\n<p>Frente ao mesmo per\u00edodo do ano anterior, a ind\u00fastria mostrou queda de 5,4% &#8211; a sexta seguida. A maioria dos 26 ramos registrou queda na produ\u00e7\u00e3o, com a maior influ\u00eancia partindo de ve\u00edculos automotores, reboques e carrocerias (-25,6%).<\/p>\n<p>\u201cO principal impacto negativo [no m\u00eas agosto em compara\u00e7\u00e3o com o ao anterior] fica com ve\u00edculos automotores. Ent\u00e3o caminh\u00f5es, autope\u00e7as, produtos que impactam negativamente o setor de ve\u00edculos automotores. Outras contribui\u00e7\u00f5es negativas importantes est\u00e3o no setor de alimentos. O a\u00e7\u00facar, a quest\u00e3o da antecipa\u00e7\u00e3o da safra de a\u00e7\u00facar, influenciou claramente esse comportamento recente. E o setor de metalurgia, outros produtos qu\u00edmicos, m\u00e1quinas e equipamentos. Sinalizam os principais impactos negativos\u201d.<\/p>\n<p>Os bens de consumo dur\u00e1veis mostraram queda de 17,9% na produ\u00e7\u00e3o e bens de capital, de 13,4%. Os segmentos de bens intermedi\u00e1rios recuaram 3,3% e de bens de consumo semi e n\u00e3o-dur\u00e1veis, 3,1%.<\/p>\n<p>No \u00edndice acumulado para os oito meses de 2014, houve retra\u00e7\u00e3o em tr\u00eas das quatro grandes categorias econ\u00f4micas, 18 das 26 atividades, 56 dos 79 grupos e 64,3% dos 805 produtos investigados.<\/p>\n<p>Fonte: G1 Economia \/ Foto: Ag\u00eancia Brasil<\/p>\n","protected":false},"excerpt":{"rendered":"<p>Na compara\u00e7\u00e3o com agosto de 2013, atividade recuou 5,4% A produ\u00e7\u00e3o da ind\u00fastria nacional registrou alta de 0,7% em agosto, na compara\u00e7\u00e3o com o m\u00eas&#8230;<\/p>\n","protected":false},"author":1182,"featured_media":8172,"comment_status":"closed","ping_status":"closed","sticky":false,"template":"","format":"standard","meta":{"footnotes":""},"categories":[6],"tags":[],"class_list":["post-8171","post","type-post","status-publish","format-standard","has-post-thumbnail","hentry","category-noticias"],"_links":{"self":[{"href":"https:\/\/www.sincomam.org.br\/index.php\/wp-json\/wp\/v2\/posts\/8171","targetHints":{"allow":["GET"]}}],"collection":[{"href":"https:\/\/www.sincomam.org.br\/index.php\/wp-json\/wp\/v2\/posts"}],"about":[{"href":"https:\/\/www.sincomam.org.br\/index.php\/wp-json\/wp\/v2\/types\/post"}],"author":[{"embeddable":true,"href":"https:\/\/www.sincomam.org.br\/index.php\/wp-json\/wp\/v2\/users\/1182"}],"replies":[{"embeddable":true,"href":"https:\/\/www.sincomam.org.br\/index.php\/wp-json\/wp\/v2\/comments?post=8171"}],"version-history":[{"count":1,"href":"https:\/\/www.sincomam.org.br\/index.php\/wp-json\/wp\/v2\/posts\/8171\/revisions"}],"predecessor-version":[{"id":8173,"href":"https:\/\/www.sincomam.org.br\/index.php\/wp-json\/wp\/v2\/posts\/8171\/revisions\/8173"}],"wp:featuredmedia":[{"embeddable":true,"href":"https:\/\/www.sincomam.org.br\/index.php\/wp-json\/wp\/v2\/media\/8172"}],"wp:attachment":[{"href":"https:\/\/www.sincomam.org.br\/index.php\/wp-json\/wp\/v2\/media?parent=8171"}],"wp:term":[{"taxonomy":"category","embeddable":true,"href":"https:\/\/www.sincomam.org.br\/index.php\/wp-json\/wp\/v2\/categories?post=8171"},{"taxonomy":"post_tag","embeddable":true,"href":"https:\/\/www.sincomam.org.br\/index.php\/wp-json\/wp\/v2\/tags?post=8171"}],"curies":[{"name":"wp","href":"https:\/\/api.w.org\/{rel}","templated":true}]}}