{"id":8159,"date":"2014-10-03T08:29:05","date_gmt":"2014-10-03T11:29:05","guid":{"rendered":"http:\/\/www.sincomam.org.br\/?p=8159"},"modified":"2014-10-02T11:04:46","modified_gmt":"2014-10-02T14:04:46","slug":"hora-do-voto-tire-suas-duvidas-na-reta-final-das-eleicoes-2014","status":"publish","type":"post","link":"https:\/\/www.sincomam.org.br\/index.php\/hora-do-voto-tire-suas-duvidas-na-reta-final-das-eleicoes-2014\/","title":{"rendered":"Hora do voto: tire suas d\u00favidas na reta final das elei\u00e7\u00f5es 2014"},"content":{"rendered":"<p>Na reta final do processo eleitoral mais acirrado desde a redemocratiza\u00e7\u00e3o e da primeira elei\u00e7\u00e3o geral na qual ser\u00e1 aplicada a Lei da Ficha Limpa, O Globo re\u00fane informa\u00e7\u00f5es para voc\u00ea, leitor-eleitor, esclarecer todas as d\u00favidas sobre o que vai precisar ter \u00e0 m\u00e3o &#8211; e na cabe\u00e7a &#8211; na hora de escolher, no pr\u00f3ximo domingo, dia 05, das 8h \u00e0s 17h.<\/p>\n<p>Vale lembrar que a ordem para escolher ser\u00e1 deputado estadual ou distrital, seguido por deputado federal, senador, governador e presidente da Rep\u00fablica.<\/p>\n<p><strong>Para ter \u00e0 m\u00e3o<\/strong><\/p>\n<p><strong>Documentos &#8211;<\/strong> O eleitor deve portar um documento original de identifica\u00e7\u00e3o com foto. No local da vota\u00e7\u00e3o, confira a se\u00e7\u00e3o em que vota.<\/p>\n<p><strong>Perfil e n\u00fameros dos candidatos &#8211;<\/strong> Conhe\u00e7a a hist\u00f3ria e consulte os n\u00fameros de cada um dos postulantes.<\/p>\n<p><strong>Para ter na cabe\u00e7a &#8211; <\/strong>Para quem ainda n\u00e3o sabe em quem vai votar, j\u00e1 possui o t\u00edtulo de eleitor (prazo para a retirada termina neste s\u00e1bado) e est\u00e1 com a sua situa\u00e7\u00e3o eleitoral o uso da ferramenta Promess\u00f4metro, que re\u00fane as principais propostas de cada um dos postulantes ao Pal\u00e1cio do Planalto pode ajudar na hora do voto.<\/p>\n<p>Confira tamb\u00e9m as regras de vota\u00e7\u00e3o, o que pode e o que n\u00e3o pode no per\u00edodo eleitoral e prazos do processo.<\/p>\n<p><strong>Voto em tr\u00e2nsito<\/strong><\/p>\n<p>No dias das elei\u00e7\u00f5es, ser\u00e3o disponibilizadas se\u00e7\u00f5es especiais e outros locais para o voto em tr\u00e2nsito nas respectivas capitais dos estados e nos munic\u00edpios com mais de 200 mil eleitores para os eleitores que solicitaram o voto em tr\u00e2nsito at\u00e9 o prazo estabelecido por lei. S\u00e3o, ao todo, 216 se\u00e7\u00f5es em todo o pa\u00eds.<\/p>\n<p>As se\u00e7\u00f5es eleitorais no exterior funcionar\u00e3o nas sedes das embaixadas, em reparti\u00e7\u00f5es consulares ou em locais em que existam servi\u00e7os do governo brasileiro. S\u00f3 ser\u00e1 admitido a votar o eleitor cujo nome conste do caderno de vota\u00e7\u00e3o da se\u00e7\u00e3o eleitoral nos endere\u00e7os das representa\u00e7\u00f5es diplom\u00e1ticas brasileiras.<\/p>\n<p><strong>Justificativa<\/strong><\/p>\n<p>O voto \u00e9 obrigat\u00f3rio para os maiores de 18 anos e menores de 70 anos. Para os analfabetos, os maiores de 70 anos e os jovens de 16 e 17 anos o voto \u00e9 facultativo. Quem n\u00e3o votar, ter\u00e1 de justificar a aus\u00eancia, atrav\u00e9s do Requerimento de Justificativa Eleitoral a ser impresso, preenchido e levado, junto a t\u00edtulo ou um documento com foto, nos locais a serem designados pelos ju\u00edzes eleitorais. Vale lembrar que, ap\u00f3s o preenchimento do formul\u00e1rio, o eleitor dever\u00e1 assin\u00e1-lo na presen\u00e7a de um mes\u00e1rio.<\/p>\n<p>Quem n\u00e3o puder realizar a justificativa no dia 5, tem at\u00e9 60 dias ap\u00f3s as elei\u00e7\u00f5es para entregar o requerimento em qualquer cart\u00f3rio ou posto de atendimento eleitoral, ou encaminhar por via postal, ao cart\u00f3rio da zona eleitoral onde est\u00e1 inscrito. No caso de o eleitor estar no exterior no dia da vota\u00e7\u00e3o, s\u00e3o contados at\u00e9 30 dias a partir da data do retorno ao Brasil para justificar. Vale lembrar que o eleitor que n\u00e3o votar ou n\u00e3o apresentar justificativa fica impedido de tirar passaporte, inscrever-se em concurso ou prova para cargo ou fun\u00e7\u00e3o p\u00fablica, investir-se ou empossar-se neles, renovar matr\u00edcula em estabelecimento de ensino oficial ou fiscalizado pelo governo e obter certid\u00e3o de quita\u00e7\u00e3o eleitoral.<\/p>\n<p>Fonte: O Globo<\/p>\n","protected":false},"excerpt":{"rendered":"<p>Na reta final do processo eleitoral mais acirrado desde a redemocratiza\u00e7\u00e3o e da primeira elei\u00e7\u00e3o geral na qual ser\u00e1 aplicada a Lei da Ficha Limpa,&#8230;<\/p>\n","protected":false},"author":1182,"featured_media":6239,"comment_status":"closed","ping_status":"closed","sticky":false,"template":"","format":"standard","meta":{"footnotes":""},"categories":[6],"tags":[],"class_list":["post-8159","post","type-post","status-publish","format-standard","has-post-thumbnail","hentry","category-noticias"],"_links":{"self":[{"href":"https:\/\/www.sincomam.org.br\/index.php\/wp-json\/wp\/v2\/posts\/8159","targetHints":{"allow":["GET"]}}],"collection":[{"href":"https:\/\/www.sincomam.org.br\/index.php\/wp-json\/wp\/v2\/posts"}],"about":[{"href":"https:\/\/www.sincomam.org.br\/index.php\/wp-json\/wp\/v2\/types\/post"}],"author":[{"embeddable":true,"href":"https:\/\/www.sincomam.org.br\/index.php\/wp-json\/wp\/v2\/users\/1182"}],"replies":[{"embeddable":true,"href":"https:\/\/www.sincomam.org.br\/index.php\/wp-json\/wp\/v2\/comments?post=8159"}],"version-history":[{"count":1,"href":"https:\/\/www.sincomam.org.br\/index.php\/wp-json\/wp\/v2\/posts\/8159\/revisions"}],"predecessor-version":[{"id":8160,"href":"https:\/\/www.sincomam.org.br\/index.php\/wp-json\/wp\/v2\/posts\/8159\/revisions\/8160"}],"wp:featuredmedia":[{"embeddable":true,"href":"https:\/\/www.sincomam.org.br\/index.php\/wp-json\/wp\/v2\/media\/6239"}],"wp:attachment":[{"href":"https:\/\/www.sincomam.org.br\/index.php\/wp-json\/wp\/v2\/media?parent=8159"}],"wp:term":[{"taxonomy":"category","embeddable":true,"href":"https:\/\/www.sincomam.org.br\/index.php\/wp-json\/wp\/v2\/categories?post=8159"},{"taxonomy":"post_tag","embeddable":true,"href":"https:\/\/www.sincomam.org.br\/index.php\/wp-json\/wp\/v2\/tags?post=8159"}],"curies":[{"name":"wp","href":"https:\/\/api.w.org\/{rel}","templated":true}]}}