{"id":8145,"date":"2014-10-02T09:36:03","date_gmt":"2014-10-02T12:36:03","guid":{"rendered":"http:\/\/www.sincomam.org.br\/?p=8145"},"modified":"2014-10-02T09:36:03","modified_gmt":"2014-10-02T12:36:03","slug":"distrito-federal-registra-formacao-de-tornado-pela-primeira-vez","status":"publish","type":"post","link":"https:\/\/www.sincomam.org.br\/index.php\/distrito-federal-registra-formacao-de-tornado-pela-primeira-vez\/","title":{"rendered":"Distrito Federal registra forma\u00e7\u00e3o de tornado pela primeira vez"},"content":{"rendered":"<p>Uma forte chuva veio acompanhada de um tornado na tarde de ontem (1\u00ba), em Bras\u00edlia. \u00c9 a primeira vez que h\u00e1 um registro do fen\u00f4meno meteorol\u00f3gico na capital federal. O tornado formou-se na regi\u00e3o pr\u00f3xima ao aeroporto de Bras\u00edlia e provocou danos no local. O Instituto Nacional de Meteorologia (Inmet) confirmou a forma\u00e7\u00e3o do tornado e registrou ventos de 95 quil\u00f4metros por hora.<\/p>\n<p>Parte da cobertura do aeroporto, bem como parte do toldo do estacionamento, foram atingidos. A Inframerica, concession\u00e1ria do aeroporto, informou que est\u00e1 avaliando quantos autom\u00f3veis foram danificados com a queda da estrutura e adiantou que os propriet\u00e1rios dos carros atingidos ser\u00e3o ressarcidos. O aeroporto ainda ficou fechado para pousos e decolagens entre o per\u00edodo das 14h26 e 15h53.<\/p>\n<p>De acordo com a meteorologista do Instituto Nacional de Meteorologia (Inmet), o tornado \u00e9 considerado de escala 0, entre 0 e 5, ou seja, de baixo poder de destrui\u00e7\u00e3o. Ela ainda explicou que o tornado estruturou-se ap\u00f3s a forma\u00e7\u00e3o de uma nuvem de tempestade.<\/p>\n<p>\u201cEstava um tempo bem inst\u00e1vel, com condi\u00e7\u00e3o de pancada de chuva, mas tivemos muito mais umidade e a temperatura subiu um pouco mais, formando uma nuvem de tempestade muito severa. Essa nuvem favoreceu a forma\u00e7\u00e3o do tornado\u201d, disse M\u00e1rcia em entrevista \u00e0 R\u00e1dio Nacional. Ela ainda explicou que \u00e9 dif\u00edcil prever uma nova ocorr\u00eancia de tornados na regi\u00e3o. \u201cO que podemos dizer \u00e9 que, para amanh\u00e3, h\u00e1 condi\u00e7\u00f5es de pancadas de chuva, descargas el\u00e9tricas, rajadas de vento, mas n\u00e3o podemos afirmar nada sobre tornados ainda\u201d.<\/p>\n<p>Apesar do registro de queda de \u00e1rvores e danos no aeroporto, o Corpo de Bombeiros do Distrito Federal n\u00e3o atendeu a nenhuma ocorr\u00eancia em virtude dos fortes ventos. A corpora\u00e7\u00e3o, no entanto, divulgou um v\u00eddeo mostrando a forma\u00e7\u00e3o do tornado.<\/p>\n<p>Fonte: Ag\u00eancia Brasil \/ Marcelo Brand\u00e3o<br \/>Foto: divulga\u00e7\u00e3o<\/p>\n","protected":false},"excerpt":{"rendered":"<p>Uma forte chuva veio acompanhada de um tornado na tarde de ontem (1\u00ba), em Bras\u00edlia. \u00c9 a primeira vez que h\u00e1 um registro do fen\u00f4meno&#8230;<\/p>\n","protected":false},"author":1182,"featured_media":8146,"comment_status":"closed","ping_status":"closed","sticky":false,"template":"","format":"standard","meta":{"footnotes":""},"categories":[6],"tags":[],"class_list":["post-8145","post","type-post","status-publish","format-standard","has-post-thumbnail","hentry","category-noticias"],"_links":{"self":[{"href":"https:\/\/www.sincomam.org.br\/index.php\/wp-json\/wp\/v2\/posts\/8145","targetHints":{"allow":["GET"]}}],"collection":[{"href":"https:\/\/www.sincomam.org.br\/index.php\/wp-json\/wp\/v2\/posts"}],"about":[{"href":"https:\/\/www.sincomam.org.br\/index.php\/wp-json\/wp\/v2\/types\/post"}],"author":[{"embeddable":true,"href":"https:\/\/www.sincomam.org.br\/index.php\/wp-json\/wp\/v2\/users\/1182"}],"replies":[{"embeddable":true,"href":"https:\/\/www.sincomam.org.br\/index.php\/wp-json\/wp\/v2\/comments?post=8145"}],"version-history":[{"count":1,"href":"https:\/\/www.sincomam.org.br\/index.php\/wp-json\/wp\/v2\/posts\/8145\/revisions"}],"predecessor-version":[{"id":8147,"href":"https:\/\/www.sincomam.org.br\/index.php\/wp-json\/wp\/v2\/posts\/8145\/revisions\/8147"}],"wp:featuredmedia":[{"embeddable":true,"href":"https:\/\/www.sincomam.org.br\/index.php\/wp-json\/wp\/v2\/media\/8146"}],"wp:attachment":[{"href":"https:\/\/www.sincomam.org.br\/index.php\/wp-json\/wp\/v2\/media?parent=8145"}],"wp:term":[{"taxonomy":"category","embeddable":true,"href":"https:\/\/www.sincomam.org.br\/index.php\/wp-json\/wp\/v2\/categories?post=8145"},{"taxonomy":"post_tag","embeddable":true,"href":"https:\/\/www.sincomam.org.br\/index.php\/wp-json\/wp\/v2\/tags?post=8145"}],"curies":[{"name":"wp","href":"https:\/\/api.w.org\/{rel}","templated":true}]}}