{"id":8127,"date":"2014-10-02T08:42:00","date_gmt":"2014-10-02T11:42:00","guid":{"rendered":"http:\/\/www.sincomam.org.br\/?p=8127"},"modified":"2014-10-02T08:42:00","modified_gmt":"2014-10-02T11:42:00","slug":"dilma-afirma-que-demitiu-ex-diretor-da-petrobras-mas-ata-diz-que-costa-renunciou","status":"publish","type":"post","link":"https:\/\/www.sincomam.org.br\/index.php\/dilma-afirma-que-demitiu-ex-diretor-da-petrobras-mas-ata-diz-que-costa-renunciou\/","title":{"rendered":"Dilma afirma que demitiu ex-diretor da Petrobras, mas ata diz que Costa renunciou"},"content":{"rendered":"<p><strong><em>Documentos desmentem vers\u00e3o da presidente de que foi ela quem exonerou ex-funcion\u00e1rio da estatal<br \/><\/em><\/strong><br \/>Documento oficial da Petrobras p\u00f5e em xeque o discurso adotado pela presidente Dilma Rousseff, nos \u00faltimos dias, sobre as circunst\u00e2ncias em que o ex-diretor de Abastecimento da estatal Paulo Roberto Costa deixou o cargo. Ao declarar que combate os malfeitos, Dilma sustenta que demitiu Costa em 2012. Ata da reuni\u00e3o que escolheu o sucessor de Paulo Roberto Costa na Diretoria de Abastecimento traz, no entanto, uma vers\u00e3o diferente. No documento, os representantes do governo no Conselho de Administra\u00e7\u00e3o da Petrobras n\u00e3o s\u00f3 registram que foi o diretor quem renunciou ao cargo como ainda fazem quest\u00e3o de elogiar a atua\u00e7\u00e3o de Costa na c\u00fapula da estatal.<strong><em><br \/><\/em><\/strong><\/p>\n<p>A ata resume a reuni\u00e3o do Conselho de Administra\u00e7\u00e3o do dia 2 de maio de 2012, presidida pelo ministro da Fazenda, Guido Mantega. Registrado na Junta Comercial do Rio no dia 16 do mesmo m\u00eas e publicado no Di\u00e1rio Oficial do estado no dia 28, o documento diz que todo o conselho concordou em registrar em ata elogios ao desempenho do mesmo diretor que, agora, a presidente diz ter demitido.<\/p>\n<p>\u201cO presidente do Conselho de Administra\u00e7\u00e3o, Guido Mantega, em face da ren\u00fancia do diretor de Abastecimento Paulo Roberto Costa, submeteu o nome do senhor Jos\u00e9 Carlos Cosenza, indicado pela presidente da Petrobras, Maria das Gra\u00e7as Silva Foster, para substitu\u00ed-lo\u201d, informa a ata. Aprovado o novo nome para a dire\u00e7\u00e3o da Petrobras, a ata registra: \u201cOutrossim, determinou o registro dos agradecimentos do colegiado ao diretor que deixa o cargo, pelos relevantes servi\u00e7os prestados \u00e0 companhia no desempenho de suas fun\u00e7\u00f5es\u201d.<\/p>\n<p><strong>Corrup\u00e7\u00e3o revelada em detalhes<\/strong><\/p>\n<p>Preso na Opera\u00e7\u00e3o Lava-Jato, Paulo Roberto Costa fechou um acordo de dela\u00e7\u00e3o premiada com o Minist\u00e9rio P\u00fablico Federal, homologado pela Justi\u00e7a. No acordo, Costa se comprometeu a revelar detalhes sobre esquema de corrup\u00e7\u00e3o na Petrobras. Ele j\u00e1 prestou cerca de cem depoimentos. N\u00e3o s\u00f3 apontou o envolvimento de empreiteiras como indicou partidos e pol\u00edticos que eram beneficiados pelo pagamento de propina a partir de contratos com a Petrobras.<\/p>\n<p>Num dos depoimentos, como revelou O GLOBO, o ex-diretor contou que recebeu US$ 23 milh\u00f5es, em contas na Su\u00ed\u00e7a, de apenas uma empreiteira. O dinheiro era de propinas que ele recebeu sem que o doleiro Alberto Youssef, outro acusado no esquema de corrup\u00e7\u00e3o, ficasse sabendo.<\/p>\n<p>No \u00faltimo domingo, durante o debate na TV Record, para rebater os ataques de A\u00e9cio Neves (PSDB) em um pedido de resposta, Dilma declarou que demitira Costa e que, em seu governo, a Pol\u00edcia Federal fez as investiga\u00e7\u00f5es que culminaram na pris\u00e3o dos envolvidos na Opera\u00e7\u00e3o Lava-Jato. Os advers\u00e1rios n\u00e3o chegaram a questionar a presidente Dilma sobre o fato de que n\u00e3o cabe ao presidente da Rep\u00fablica nomear ou demitir diretores da Petrobras.<\/p>\n<p>\u2014 Na verdade, uma coisa tem que ficar bem clara! Quem demitiu o Paulo Roberto fui eu. E a Pol\u00edcia Federal, do meu governo, foi quem investigou todos esses malfeitos, esses crimes e il\u00edcitos. Eu sou a \u00fanica candidata que apresentou propostas concretas de combate \u00e0 corrup\u00e7\u00e3o, principalmente contra a impunidade, como, por exemplo, tornar o crime de caixa dois crime eleitoral \u2014 disse Dilma, durante o debate, sem fazer men\u00e7\u00e3o aos agradecimentos que o Conselho de Administra\u00e7\u00e3o fez a Costa.<\/p>\n<p>Participaram da reuni\u00e3o do Conselho de Administra\u00e7\u00e3o, al\u00e9m de Mantega, os conselheiros Francisco Roberto de Albuquerque, Jorge Gerdau Johannpeter, Sergio Franklin Quintella, Silvio Sinedino Pinheiro, Josu\u00e9 Christiano Gomes da Silva \u2014 candidato ao Senado em Minas Gerais pelo PMDB \u2014, a presidente Gra\u00e7a Foster, e a ministra do Planejamento, Miriam Belchior.<\/p>\n<p><strong>Campanha reafirma que decis\u00e3o foi de Dilma<\/strong><\/p>\n<p>Nos \u00faltimos dias, a presidente Dilma tem atacado a candidata do PSB, Marina Silva, taxando-a de \u201cmentirosa\u201d por ter declarado que votou a favor da aprova\u00e7\u00e3o da CPMF. Mostrando checagem feita pelo GLOBO e que desmentem Marina, Dilma tem colado na advers\u00e1ria a pecha de mentirosa. \u201c\u00c9 muito importante que as pessoas assumam o que fazem. Errar \u00e9 humano, mas mentir \u00e9 desvio de car\u00e1ter\u201d, atacou Dilma anteontem.<\/p>\n<p>Procurada, a coordena\u00e7\u00e3o da campanha de Dilma informou que a decis\u00e3o de demitir Paulo Roberto Costa da dire\u00e7\u00e3o da Petrobras foi da presidenta da Rep\u00fablica, e essa decis\u00e3o foi comunicada ao diretor pelo ministro de Minas e Energia, Edison Lob\u00e3o. A assessoria enviou ao GLOBO trecho do depoimento de Paulo Roberto Costa \u00e0 CPI da Petrobras no Senado.<\/p>\n<p>Segundo a campanha, o depoimento do ex-diretor confirmaria o que Dilma declarou sobre a demiss\u00e3o. Disse Costa na CPI: \u201cO ministro me falou (&#8230;) \u201cN\u00f3s resolvemos que precisamos ter uma nova pessoa na Diretoria de Abastecimento.\u201d Eu falei: \u201cMinistro, sem problema. N\u00e3o h\u00e1 nenhum problema. Eu entendo isso.\u201d E o ministro falou (&#8230;): \u201cEu gostaria que voc\u00ea fizesse uma carta de demiss\u00e3o.\u201d Eu disse: \u201cNenhum problema, eu fa\u00e7o.\u201d<\/p>\n<p>Fonte: O Globo (Colaborou M\u00e1rcio Beck)<\/p>\n","protected":false},"excerpt":{"rendered":"<p>Documentos desmentem vers\u00e3o da presidente de que foi ela quem exonerou ex-funcion\u00e1rio da estatalDocumento oficial da Petrobras p\u00f5e em xeque o discurso adotado pela presidente&#8230;<\/p>\n","protected":false},"author":1182,"featured_media":8128,"comment_status":"closed","ping_status":"closed","sticky":false,"template":"","format":"standard","meta":{"footnotes":""},"categories":[6],"tags":[],"class_list":["post-8127","post","type-post","status-publish","format-standard","has-post-thumbnail","hentry","category-noticias"],"_links":{"self":[{"href":"https:\/\/www.sincomam.org.br\/index.php\/wp-json\/wp\/v2\/posts\/8127","targetHints":{"allow":["GET"]}}],"collection":[{"href":"https:\/\/www.sincomam.org.br\/index.php\/wp-json\/wp\/v2\/posts"}],"about":[{"href":"https:\/\/www.sincomam.org.br\/index.php\/wp-json\/wp\/v2\/types\/post"}],"author":[{"embeddable":true,"href":"https:\/\/www.sincomam.org.br\/index.php\/wp-json\/wp\/v2\/users\/1182"}],"replies":[{"embeddable":true,"href":"https:\/\/www.sincomam.org.br\/index.php\/wp-json\/wp\/v2\/comments?post=8127"}],"version-history":[{"count":1,"href":"https:\/\/www.sincomam.org.br\/index.php\/wp-json\/wp\/v2\/posts\/8127\/revisions"}],"predecessor-version":[{"id":8129,"href":"https:\/\/www.sincomam.org.br\/index.php\/wp-json\/wp\/v2\/posts\/8127\/revisions\/8129"}],"wp:featuredmedia":[{"embeddable":true,"href":"https:\/\/www.sincomam.org.br\/index.php\/wp-json\/wp\/v2\/media\/8128"}],"wp:attachment":[{"href":"https:\/\/www.sincomam.org.br\/index.php\/wp-json\/wp\/v2\/media?parent=8127"}],"wp:term":[{"taxonomy":"category","embeddable":true,"href":"https:\/\/www.sincomam.org.br\/index.php\/wp-json\/wp\/v2\/categories?post=8127"},{"taxonomy":"post_tag","embeddable":true,"href":"https:\/\/www.sincomam.org.br\/index.php\/wp-json\/wp\/v2\/tags?post=8127"}],"curies":[{"name":"wp","href":"https:\/\/api.w.org\/{rel}","templated":true}]}}