{"id":8120,"date":"2014-10-01T12:01:14","date_gmt":"2014-10-01T15:01:14","guid":{"rendered":"http:\/\/www.sincomam.org.br\/?p=8120"},"modified":"2014-10-01T12:02:09","modified_gmt":"2014-10-01T15:02:09","slug":"fragata-liberal-retorna-ao-rio-de-janeiro-apos-missao-no-libano","status":"publish","type":"post","link":"https:\/\/www.sincomam.org.br\/index.php\/fragata-liberal-retorna-ao-rio-de-janeiro-apos-missao-no-libano\/","title":{"rendered":"Fragata \u2018Liberal\u2019 retorna ao Rio de Janeiro ap\u00f3s miss\u00e3o no L\u00edbano"},"content":{"rendered":"<p>A Fragata Liberal (F 43) regressou esta manh\u00e3 ao Rio de Janeiro, ap\u00f3s 9 meses e 17 dias de viagem. A tripula\u00e7\u00e3o da Fragata Liberal \u00e9 composta de 250 militares, incluindo os do Destacamentos A\u00e9reo Embarcado, de Fuzileiros Navais e do Grupo de Mergulhadores de Combate (GruMeC).<\/p>\n<p>Sob a \u00e9gide da ONU, coube a Fragata brasileira integrar a FTM-UNIFIL V (For\u00e7a-Tarefa Mar\u00edtima da For\u00e7a Interina das Na\u00e7\u00f5es Unidas no L\u00edbano), sendo o navio capit\u00e2nia da miss\u00e3o. Compete \u00e0 FTM-UNIFIL impedir a entrada de armas e materiais correlatos em territ\u00f3rio liban\u00eas, al\u00e9m de prestar apoio para o desenvolvimento da Marinha do L\u00edbano no que tange o treinamento de seu pessoal, visando que a mesma possa adquirir capacidade de controlar suas \u00e1guas territoriais no futuro.<\/p>\n<p>A Fragata Liberal deixou o porto do Rio de Janeiro em 10 de dezembro de 2013, substituindo a Fragata Uni\u00e3o no dia 16 de janeiro de 2014. Durante a travessia de ida, aportou em Cabedelo-PB, Las Palmas (ESP) e Civitavecchia (ITA), antes de chegar ao destino final.<\/p>\n<p>Da mesma forma, ap\u00f3s o cumprimento de mais uma relevante miss\u00e3o, iniciou seu regresso ao porto do Rio de Janeiro, passando pelos portos de Limassol (CYP), Mersin (TUR), Dubrovnic (HRV), Barcelona (ESP), Las Palmas (ESP) e Natal-RN.<\/p>\n<p>Fonte: Defesa A\u00e9rea &amp; Naval<\/p>\n","protected":false},"excerpt":{"rendered":"<p>A Fragata Liberal (F 43) regressou esta manh\u00e3 ao Rio de Janeiro, ap\u00f3s 9 meses e 17 dias de viagem. A tripula\u00e7\u00e3o da Fragata Liberal&#8230;<\/p>\n","protected":false},"author":1182,"featured_media":8121,"comment_status":"closed","ping_status":"closed","sticky":false,"template":"","format":"standard","meta":{"footnotes":""},"categories":[6],"tags":[],"class_list":["post-8120","post","type-post","status-publish","format-standard","has-post-thumbnail","hentry","category-noticias"],"_links":{"self":[{"href":"https:\/\/www.sincomam.org.br\/index.php\/wp-json\/wp\/v2\/posts\/8120","targetHints":{"allow":["GET"]}}],"collection":[{"href":"https:\/\/www.sincomam.org.br\/index.php\/wp-json\/wp\/v2\/posts"}],"about":[{"href":"https:\/\/www.sincomam.org.br\/index.php\/wp-json\/wp\/v2\/types\/post"}],"author":[{"embeddable":true,"href":"https:\/\/www.sincomam.org.br\/index.php\/wp-json\/wp\/v2\/users\/1182"}],"replies":[{"embeddable":true,"href":"https:\/\/www.sincomam.org.br\/index.php\/wp-json\/wp\/v2\/comments?post=8120"}],"version-history":[{"count":2,"href":"https:\/\/www.sincomam.org.br\/index.php\/wp-json\/wp\/v2\/posts\/8120\/revisions"}],"predecessor-version":[{"id":8123,"href":"https:\/\/www.sincomam.org.br\/index.php\/wp-json\/wp\/v2\/posts\/8120\/revisions\/8123"}],"wp:featuredmedia":[{"embeddable":true,"href":"https:\/\/www.sincomam.org.br\/index.php\/wp-json\/wp\/v2\/media\/8121"}],"wp:attachment":[{"href":"https:\/\/www.sincomam.org.br\/index.php\/wp-json\/wp\/v2\/media?parent=8120"}],"wp:term":[{"taxonomy":"category","embeddable":true,"href":"https:\/\/www.sincomam.org.br\/index.php\/wp-json\/wp\/v2\/categories?post=8120"},{"taxonomy":"post_tag","embeddable":true,"href":"https:\/\/www.sincomam.org.br\/index.php\/wp-json\/wp\/v2\/tags?post=8120"}],"curies":[{"name":"wp","href":"https:\/\/api.w.org\/{rel}","templated":true}]}}