{"id":8092,"date":"2014-09-30T08:14:08","date_gmt":"2014-09-30T11:14:08","guid":{"rendered":"http:\/\/www.sincomam.org.br\/?p=8092"},"modified":"2014-09-29T18:22:46","modified_gmt":"2014-09-29T21:22:46","slug":"greve-bancarios-fazem-assembleia-para-decidir-sobre-paralisacao","status":"publish","type":"post","link":"https:\/\/www.sincomam.org.br\/index.php\/greve-bancarios-fazem-assembleia-para-decidir-sobre-paralisacao\/","title":{"rendered":"Greve: Banc\u00e1rios fazem assembleia para decidir sobre paralisa\u00e7\u00e3o"},"content":{"rendered":"<p><strong><em>Contraf informou que est\u00e1 organizando, para quinta-feira (2), atos em frente \u00e0 sede e \u00e0s representa\u00e7\u00f5es do Banco Central em todo o pa\u00eds<\/em><\/strong><\/p>\n<p>Os banc\u00e1rios realizaram ontem (29) assembleia para organizar a paralisa\u00e7\u00e3o da categoria, que come\u00e7a hoje (30). Segundo informa\u00e7\u00f5es do Comando Nacional dos Banc\u00e1rios, coordenado pela Confedera\u00e7\u00e3o Nacional dos Trabalhadores do Ramo Financeiro (Contraf). De acordo com o comando de greve, a proposta apresentada pela Federa\u00e7\u00e3o Nacional dos Bancos (Fenaban), na tentativa de evitar a paralisa\u00e7\u00e3o, foi considerada \u201cinsuficiente, n\u00e3o somente do ponto de vista econ\u00f4mico, mas tamb\u00e9m porque ignora completamente as demais reivindica\u00e7\u00f5es da pauta da categoria\u201d.<\/p>\n<p>Entre as reivindica\u00e7\u00f5es dos banc\u00e1rios, est\u00e3o reajuste salarial de 12,5%; piso salarial de R$ 2.979,25; 14\u00ba sal\u00e1rio; participa\u00e7\u00e3o nos lucros e resultados de tr\u00eas sal\u00e1rios mais parcela adicional de R$ 6.247; vales-alimenta\u00e7\u00e3o e refei\u00e7\u00e3o, cesta alimenta\u00e7\u00e3o, d\u00e9cima terceira cesta e aux\u00edlio-creche\/bab\u00e1 de R$ 724 ao m\u00eas. Outas demadas s\u00e3o:\u00a0 gratifica\u00e7\u00e3o de caixa, no valor de R$ 1.042,74; gratifica\u00e7\u00e3o de fun\u00e7\u00e3o equivalente a 70% do sal\u00e1rio do cargo efetivo; e vale-cultura de R$ 112,50 para todos trabalhadores.<\/p>\n<p>H\u00e1 ainda reivindica\u00e7\u00f5es contra as \u201cmetas abusivas\u201d apresentadas por chefias e de combate ao ass\u00e9dio moral, bem como isonomia de direitos para afastados por motivo de sa\u00fade. Os funcion\u00e1rios dos bancos querem ainda a manuten\u00e7\u00e3o dos planos de sa\u00fade na aposentadoria, o fim das demiss\u00f5es e da rotatividade, mais contrata\u00e7\u00f5es, proibi\u00e7\u00e3o de dispensas imotivadas, aumento da inclus\u00e3o banc\u00e1ria e combate \u00e0s terceiriza\u00e7\u00f5es.<\/p>\n<p>Na proposta apresentada pela Fenaban no \u00faltimo s\u00e1bado (27), os bancos oferecem reajuste de 7,35% para sal\u00e1rios e demais verbas salariais (ante os 7% propostos anteriormente). O valor, segundo a entidade, representa aumento real de 0,94% e de 8% para os pisos salariais (reajuste 1,55% acima da infla\u00e7\u00e3o).<\/p>\n<p>Insatisfeito com a proposta apresentada pelos bancos, o Comando Nacional dos Banc\u00e1rios decidiu manter o calend\u00e1rio aprovado anteriormente, com greve por tempo indeterminado a partir de amanh\u00e3. A decis\u00e3o foi tomada em assembleia nesta segunda-feira.<\/p>\n<p>Segundo o presidente da Contraf e coordenador do Comando Nacional dos Banc\u00e1rios, Carlos Cordeiro, a proposta dos bancos precisa melhorar, \u201cn\u00e3o somente na parte econ\u00f4mica, mas tamb\u00e9m porque n\u00e3o traz nada sobre garantia de emprego, combate \u00e0s metas abusivas e ao ass\u00e9dio moral, seguran\u00e7a banc\u00e1ria e igualdade de oportunidades\u201d.<\/p>\n<p>A Contraf informou que est\u00e1 organizando, para quinta-feira (2), atos em frente \u00e0 sede e \u00e0s representa\u00e7\u00f5es do Banco Central em todo o pa\u00eds. De acordo com a Contraf, esses atos ser\u00e3o tamb\u00e9m em protesto contra as propostas de independ\u00eancia do Banco Central e em defesa do fortalecimento do papel dos bancos p\u00fablicos. Cordeiro explica que a autonomia do BC, na forma como tem sido defendida por candidatos \u00e0 Presid\u00eancia da Rep\u00fablica e por seus assessores, s\u00e3o \u201cbandeiras dos bancos privados e da Fenaban, que se chocam frontalmente com as posi\u00e7\u00f5es que os banc\u00e1rios t\u00eam defendido historicamente em suas confer\u00eancias nacionais e nos congressos\u201d.<\/p>\n<p>Para ele, o Banco Central j\u00e1 desfruta de autonomia, e sua \u201cindepend\u00eancia formal\u201d significa \u201centregar a condu\u00e7\u00e3o da pol\u00edtica macroecon\u00f4mica do pa\u00eds ao mercado financeiro, roubando uma atribui\u00e7\u00e3o constitucional dos governos democraticamente eleitos pela popula\u00e7\u00e3o&#8221;.<\/p>\n<p>Fonte: Ag\u00eancia Brasil<\/p>\n","protected":false},"excerpt":{"rendered":"<p>Contraf informou que est\u00e1 organizando, para quinta-feira (2), atos em frente \u00e0 sede e \u00e0s representa\u00e7\u00f5es do Banco Central em todo o pa\u00eds Os banc\u00e1rios&#8230;<\/p>\n","protected":false},"author":1182,"featured_media":8093,"comment_status":"closed","ping_status":"closed","sticky":false,"template":"","format":"standard","meta":{"footnotes":""},"categories":[6],"tags":[],"class_list":["post-8092","post","type-post","status-publish","format-standard","has-post-thumbnail","hentry","category-noticias"],"_links":{"self":[{"href":"https:\/\/www.sincomam.org.br\/index.php\/wp-json\/wp\/v2\/posts\/8092","targetHints":{"allow":["GET"]}}],"collection":[{"href":"https:\/\/www.sincomam.org.br\/index.php\/wp-json\/wp\/v2\/posts"}],"about":[{"href":"https:\/\/www.sincomam.org.br\/index.php\/wp-json\/wp\/v2\/types\/post"}],"author":[{"embeddable":true,"href":"https:\/\/www.sincomam.org.br\/index.php\/wp-json\/wp\/v2\/users\/1182"}],"replies":[{"embeddable":true,"href":"https:\/\/www.sincomam.org.br\/index.php\/wp-json\/wp\/v2\/comments?post=8092"}],"version-history":[{"count":1,"href":"https:\/\/www.sincomam.org.br\/index.php\/wp-json\/wp\/v2\/posts\/8092\/revisions"}],"predecessor-version":[{"id":8094,"href":"https:\/\/www.sincomam.org.br\/index.php\/wp-json\/wp\/v2\/posts\/8092\/revisions\/8094"}],"wp:featuredmedia":[{"embeddable":true,"href":"https:\/\/www.sincomam.org.br\/index.php\/wp-json\/wp\/v2\/media\/8093"}],"wp:attachment":[{"href":"https:\/\/www.sincomam.org.br\/index.php\/wp-json\/wp\/v2\/media?parent=8092"}],"wp:term":[{"taxonomy":"category","embeddable":true,"href":"https:\/\/www.sincomam.org.br\/index.php\/wp-json\/wp\/v2\/categories?post=8092"},{"taxonomy":"post_tag","embeddable":true,"href":"https:\/\/www.sincomam.org.br\/index.php\/wp-json\/wp\/v2\/tags?post=8092"}],"curies":[{"name":"wp","href":"https:\/\/api.w.org\/{rel}","templated":true}]}}