{"id":8071,"date":"2014-09-30T08:37:18","date_gmt":"2014-09-30T11:37:18","guid":{"rendered":"http:\/\/www.sincomam.org.br\/?p=8071"},"modified":"2014-09-29T17:39:40","modified_gmt":"2014-09-29T20:39:40","slug":"movimentacao-portuaria-cresceu-5-5-no-segundo-trimestre-de-2014","status":"publish","type":"post","link":"https:\/\/www.sincomam.org.br\/index.php\/movimentacao-portuaria-cresceu-5-5-no-segundo-trimestre-de-2014\/","title":{"rendered":"Movimenta\u00e7\u00e3o portu\u00e1ria cresceu 5 5% no segundo trimestre de 2014"},"content":{"rendered":"<p>A Ag\u00eancia Nacional de Transportes Aquavi\u00e1rios (Antaq) divulgou, na \u00faltima sexta-feira (26), as estat\u00edsticas de movimenta\u00e7\u00e3o portu\u00e1ria do segundo trimestre de 2014.<\/p>\n<p>Os Portos Organizados e Terminais de Uso Privado movimentaram 244,2 milh\u00f5es de toneladas brutas, o que representou um crescimento de 5% em rela\u00e7\u00e3o ao segundo trimestre de 2013. Ao todo, houve um incremento de 11,6 milh\u00f5es de toneladas movimentadas.<\/p>\n<p>Os Portos Organizados apresentaram um crescimento de 2,6% no segundo trimestre de 2014 quando comparado ao mesmo per\u00edodo 2013; enquanto os Terminais de Uso Privado apresentaram um crescimento de 6,4%.<\/p>\n<p>Os incrementos absolutos mais significativos entre os grupos de mercadoria foram observados na movimenta\u00e7\u00e3o de min\u00e9rio de ferro, principal produto da pauta de exporta\u00e7\u00f5es brasileiras, movimentando 6,9 milh\u00f5es de toneladas, com crescimento de cerca de 8,8%.<\/p>\n<p>Em segundo lugar, os combust\u00edveis movimentaram 4,5 milh\u00f5es de toneladas, n\u00famero que representa um aumento de 9,4%, levando em considera\u00e7\u00e3o o mesmo per\u00edodo.<\/p>\n<p>No segundo trimestre de 2014, foram movimentados 2,3 milh\u00f5es de toneladas de cargas conteinerizadas, 4,8% maior do que no mesmo per\u00edodo de 2013.<\/p>\n<p>Em termos de peso bruto, a movimenta\u00e7\u00e3o de cont\u00eaineres atingiu a marca de 24,7 milh\u00f5es de toneladas no trimestre.<\/p>\n<p>Fonte: Secretaria Especial de Portos<\/p>\n","protected":false},"excerpt":{"rendered":"<p>A Ag\u00eancia Nacional de Transportes Aquavi\u00e1rios (Antaq) divulgou, na \u00faltima sexta-feira (26), as estat\u00edsticas de movimenta\u00e7\u00e3o portu\u00e1ria do segundo trimestre de 2014. Os Portos Organizados&#8230;<\/p>\n","protected":false},"author":1182,"featured_media":0,"comment_status":"closed","ping_status":"closed","sticky":false,"template":"","format":"standard","meta":{"footnotes":""},"categories":[6],"tags":[],"class_list":["post-8071","post","type-post","status-publish","format-standard","hentry","category-noticias"],"_links":{"self":[{"href":"https:\/\/www.sincomam.org.br\/index.php\/wp-json\/wp\/v2\/posts\/8071","targetHints":{"allow":["GET"]}}],"collection":[{"href":"https:\/\/www.sincomam.org.br\/index.php\/wp-json\/wp\/v2\/posts"}],"about":[{"href":"https:\/\/www.sincomam.org.br\/index.php\/wp-json\/wp\/v2\/types\/post"}],"author":[{"embeddable":true,"href":"https:\/\/www.sincomam.org.br\/index.php\/wp-json\/wp\/v2\/users\/1182"}],"replies":[{"embeddable":true,"href":"https:\/\/www.sincomam.org.br\/index.php\/wp-json\/wp\/v2\/comments?post=8071"}],"version-history":[{"count":1,"href":"https:\/\/www.sincomam.org.br\/index.php\/wp-json\/wp\/v2\/posts\/8071\/revisions"}],"predecessor-version":[{"id":8072,"href":"https:\/\/www.sincomam.org.br\/index.php\/wp-json\/wp\/v2\/posts\/8071\/revisions\/8072"}],"wp:attachment":[{"href":"https:\/\/www.sincomam.org.br\/index.php\/wp-json\/wp\/v2\/media?parent=8071"}],"wp:term":[{"taxonomy":"category","embeddable":true,"href":"https:\/\/www.sincomam.org.br\/index.php\/wp-json\/wp\/v2\/categories?post=8071"},{"taxonomy":"post_tag","embeddable":true,"href":"https:\/\/www.sincomam.org.br\/index.php\/wp-json\/wp\/v2\/tags?post=8071"}],"curies":[{"name":"wp","href":"https:\/\/api.w.org\/{rel}","templated":true}]}}