{"id":8025,"date":"2014-09-29T08:10:24","date_gmt":"2014-09-29T11:10:24","guid":{"rendered":"http:\/\/www.sincomam.org.br\/?p=8025"},"modified":"2014-09-26T11:56:59","modified_gmt":"2014-09-26T14:56:59","slug":"porto-de-pecem-tem-obras-de-esteira-iniciada","status":"publish","type":"post","link":"https:\/\/www.sincomam.org.br\/index.php\/porto-de-pecem-tem-obras-de-esteira-iniciada\/","title":{"rendered":"Porto de Pec\u00e9m tem obras de esteira iniciada"},"content":{"rendered":"<p><strong><em>A esteira ser\u00e1 utilizada para transportar min\u00e9rio de ferro, entre outros gran\u00e9is s\u00f3lidos de alta densidade<\/p>\n<p><\/em><\/strong>A segunda correia transportadora do Porto de Pec\u00e9m j\u00e1 teve suas obras preliminares iniciadas. A esteira, que ser\u00e1 utilizada para transportar min\u00e9rio de ferro, entre outros gran\u00e9is s\u00f3lidos de alta densidade, \u00e0s empresas do complexo encontra-se com 12% dos trabalhos para sua implanta\u00e7\u00e3o conclu\u00eddos.<strong><em><br \/><\/em><\/strong><\/p>\n<p>De acordo com a Seinfra (Secretaria de Infraestrutura do Cear\u00e1), no momento est\u00e3o sendo realizados servi\u00e7os preliminares como as obras civis das funda\u00e7\u00f5es das torres de transfer\u00eancia e a fabrica\u00e7\u00e3o da estrutura da correia. A estrada de servi\u00e7o, informou o \u00f3rg\u00e3o, por meio de sua assessoria de imprensa, j\u00e1 est\u00e1 conclu\u00edda.<\/p>\n<p>Com investimento de R$ 212 milh\u00f5es, pago com recursos do Governo do Estado e de financiamento do BNDES (Banco Nacional de Desenvolvimento Econ\u00f4mico e Social), o equipamento ser\u00e1 do tipo tubular (impedindo a dispers\u00e3o do produto pelo meio ambiente) e poder\u00e1 transportar at\u00e9 2.400 toneladas\/hora do min\u00e9rio, atrav\u00e9s dos seus 8,9 quil\u00f4metros de extens\u00e3o. O min\u00e9rio \u00e9 o principal insumo a ser utilizado pela CSP para a fabrica\u00e7\u00e3o das placas de a\u00e7o.<\/p>\n<p>O equipamento partir\u00e1 do ber\u00e7o externo do Terminal de Gran\u00e9is S\u00f3lidos do Terminal Portu\u00e1rio do Pec\u00e9m, localizado no munic\u00edpio de S\u00e3o Gon\u00e7alo do Amarante, at\u00e9 o ponto de entrega (Torre de Transfer\u00eancia) onde as empresas que utilizar\u00e3o o insumo far\u00e3o o transporte aos seus p\u00e1tios de mat\u00e9rias-primas, na \u00e1rea portu\u00e1ria.<\/p>\n<p>Fonte: Guia Mar\u00edtimo<\/p>\n<p><strong><em><\/em><\/strong><\/p>\n","protected":false},"excerpt":{"rendered":"<p>A esteira ser\u00e1 utilizada para transportar min\u00e9rio de ferro, entre outros gran\u00e9is s\u00f3lidos de alta densidade A segunda correia transportadora do Porto de Pec\u00e9m j\u00e1&#8230;<\/p>\n","protected":false},"author":1182,"featured_media":3207,"comment_status":"closed","ping_status":"closed","sticky":false,"template":"","format":"standard","meta":{"footnotes":""},"categories":[6],"tags":[],"class_list":["post-8025","post","type-post","status-publish","format-standard","has-post-thumbnail","hentry","category-noticias"],"_links":{"self":[{"href":"https:\/\/www.sincomam.org.br\/index.php\/wp-json\/wp\/v2\/posts\/8025","targetHints":{"allow":["GET"]}}],"collection":[{"href":"https:\/\/www.sincomam.org.br\/index.php\/wp-json\/wp\/v2\/posts"}],"about":[{"href":"https:\/\/www.sincomam.org.br\/index.php\/wp-json\/wp\/v2\/types\/post"}],"author":[{"embeddable":true,"href":"https:\/\/www.sincomam.org.br\/index.php\/wp-json\/wp\/v2\/users\/1182"}],"replies":[{"embeddable":true,"href":"https:\/\/www.sincomam.org.br\/index.php\/wp-json\/wp\/v2\/comments?post=8025"}],"version-history":[{"count":1,"href":"https:\/\/www.sincomam.org.br\/index.php\/wp-json\/wp\/v2\/posts\/8025\/revisions"}],"predecessor-version":[{"id":8026,"href":"https:\/\/www.sincomam.org.br\/index.php\/wp-json\/wp\/v2\/posts\/8025\/revisions\/8026"}],"wp:featuredmedia":[{"embeddable":true,"href":"https:\/\/www.sincomam.org.br\/index.php\/wp-json\/wp\/v2\/media\/3207"}],"wp:attachment":[{"href":"https:\/\/www.sincomam.org.br\/index.php\/wp-json\/wp\/v2\/media?parent=8025"}],"wp:term":[{"taxonomy":"category","embeddable":true,"href":"https:\/\/www.sincomam.org.br\/index.php\/wp-json\/wp\/v2\/categories?post=8025"},{"taxonomy":"post_tag","embeddable":true,"href":"https:\/\/www.sincomam.org.br\/index.php\/wp-json\/wp\/v2\/tags?post=8025"}],"curies":[{"name":"wp","href":"https:\/\/api.w.org\/{rel}","templated":true}]}}