{"id":8023,"date":"2014-09-29T08:00:47","date_gmt":"2014-09-29T11:00:47","guid":{"rendered":"http:\/\/www.sincomam.org.br\/?p=8023"},"modified":"2014-09-26T11:54:13","modified_gmt":"2014-09-26T14:54:13","slug":"consumo-de-gas-natural-cresce-125-em-agosto","status":"publish","type":"post","link":"https:\/\/www.sincomam.org.br\/index.php\/consumo-de-gas-natural-cresce-125-em-agosto\/","title":{"rendered":"Consumo de g\u00e1s natural cresce 12,5% em agosto"},"content":{"rendered":"<p>O consumo de g\u00e1s natural no Brasil cresceu 12,5% at\u00e9 agosto deste ano. De acordo com o levantamento estat\u00edstico da Associa\u00e7\u00e3o Brasileira das Empresas Distribuidoras de G\u00e1s Canalizado (ABEG\u00c1S), foram consumidos em m\u00e9dia 81,6 milh\u00f5es de metros c\u00fabicos por dia no m\u00eas de agosto em todo o pa\u00eds.<\/p>\n<p>O despacho termel\u00e9trico segue em alta, com um aumento de 51% na compara\u00e7\u00e3o com o mesmo per\u00edodo de 2013.<\/p>\n<p>Todos os segmentos n\u00e3o t\u00e9rmicos apresentaram bons resultados na compara\u00e7\u00e3o com o m\u00eas anterior.<\/p>\n<p>O consumo de g\u00e1s natural em resid\u00eancias foi destaque com aumento de 12%, seguido pelo segmento comercial com crescimento de 9,3%.<\/p>\n<p>O uso de GNV tamb\u00e9m apresentou crescimento de 5% no per\u00edodo e o segmento industrial continua a sinalizar breve recupera\u00e7\u00e3o com crescimento de 1,8%.<\/p>\n<p>\u201cEmbora os segmentos n\u00e3o t\u00e9rmicos tenham apresentado resultados positivos em agosto, estamos com o pre\u00e7o do g\u00e1s natural pressionado em fun\u00e7\u00e3o da necessidade de destina\u00e7\u00e3o de um volume importante do energ\u00e9tico para o atendimento das termel\u00e9tricas. A depend\u00eancia do g\u00e1s importado, ao custo que estamos pagando, cria uma grande distor\u00e7\u00e3o no pre\u00e7o.\u201d, ressalta o presidente executivo da ABEG\u00c1S, Augusto Salomon.<\/p>\n<p>A regi\u00e3o Sudeste continua a ser o maior mercado consumidor de g\u00e1s natural, com volume m\u00e9dio di\u00e1rio de 52,1 milh\u00f5es de metros c\u00fabicos em agosto.<\/p>\n<p>O Nordeste vem em seguida, com 16,1 milh\u00f5es de metros c\u00fabicos. As regi\u00f5es Sul, Norte e Centro-Oeste consumiram 6,8 milh\u00f5es de m\u00b3\/dia, 3,6 milh\u00f5es de m\u00b3\/dia e 2,9 milh\u00f5es de m\u00b3\/dia, respectivamente.<\/p>\n<p>Hoje o g\u00e1s natural \u00e9 distribu\u00eddo atrav\u00e9s de uma rede com mais de 26,4 mil quil\u00f4metros de extens\u00e3o e atende a mais de 2,5 milh\u00f5es de consumidores em todo o pa\u00eds.<\/p>\n<p>Fonte: Abeg\u00e1s \/ Autor: Vanusa Bezerra<\/p>\n","protected":false},"excerpt":{"rendered":"<p>O consumo de g\u00e1s natural no Brasil cresceu 12,5% at\u00e9 agosto deste ano. De acordo com o levantamento estat\u00edstico da Associa\u00e7\u00e3o Brasileira das Empresas Distribuidoras&#8230;<\/p>\n","protected":false},"author":1182,"featured_media":0,"comment_status":"closed","ping_status":"closed","sticky":false,"template":"","format":"standard","meta":{"footnotes":""},"categories":[6],"tags":[],"class_list":["post-8023","post","type-post","status-publish","format-standard","hentry","category-noticias"],"_links":{"self":[{"href":"https:\/\/www.sincomam.org.br\/index.php\/wp-json\/wp\/v2\/posts\/8023","targetHints":{"allow":["GET"]}}],"collection":[{"href":"https:\/\/www.sincomam.org.br\/index.php\/wp-json\/wp\/v2\/posts"}],"about":[{"href":"https:\/\/www.sincomam.org.br\/index.php\/wp-json\/wp\/v2\/types\/post"}],"author":[{"embeddable":true,"href":"https:\/\/www.sincomam.org.br\/index.php\/wp-json\/wp\/v2\/users\/1182"}],"replies":[{"embeddable":true,"href":"https:\/\/www.sincomam.org.br\/index.php\/wp-json\/wp\/v2\/comments?post=8023"}],"version-history":[{"count":1,"href":"https:\/\/www.sincomam.org.br\/index.php\/wp-json\/wp\/v2\/posts\/8023\/revisions"}],"predecessor-version":[{"id":8024,"href":"https:\/\/www.sincomam.org.br\/index.php\/wp-json\/wp\/v2\/posts\/8023\/revisions\/8024"}],"wp:attachment":[{"href":"https:\/\/www.sincomam.org.br\/index.php\/wp-json\/wp\/v2\/media?parent=8023"}],"wp:term":[{"taxonomy":"category","embeddable":true,"href":"https:\/\/www.sincomam.org.br\/index.php\/wp-json\/wp\/v2\/categories?post=8023"},{"taxonomy":"post_tag","embeddable":true,"href":"https:\/\/www.sincomam.org.br\/index.php\/wp-json\/wp\/v2\/tags?post=8023"}],"curies":[{"name":"wp","href":"https:\/\/api.w.org\/{rel}","templated":true}]}}