{"id":8003,"date":"2014-09-26T08:34:48","date_gmt":"2014-09-26T11:34:48","guid":{"rendered":"http:\/\/www.sincomam.org.br\/?p=8003"},"modified":"2014-09-26T08:38:16","modified_gmt":"2014-09-26T11:38:16","slug":"navio-da-marinha-estara-aberto-a-visitacao-em-paranagua","status":"publish","type":"post","link":"https:\/\/www.sincomam.org.br\/index.php\/navio-da-marinha-estara-aberto-a-visitacao-em-paranagua\/","title":{"rendered":"Navio da Marinha estar\u00e1 aberto \u00e0 visita\u00e7\u00e3o em Paranagu\u00e1"},"content":{"rendered":"<p>O navio RbAM \u201cTrit\u00e3o\u201d, da Marinha do Brasil, estar\u00e1 aberto \u00e0 visita\u00e7\u00e3o p\u00fablica nos dias 27 e 28 de setembro, das 14h \u00e0s 17h, na Capitania dos Portos do Paran\u00e1.<\/p>\n<p>O navio est\u00e1 em Paranagu\u00e1 para participar de exerc\u00edcios no mar visando miss\u00f5es de socorro e salvamento, opera\u00e7\u00f5es de defesa de porto, patrulha e inspe\u00e7\u00e3o naval.<\/p>\n<p>O Rebocador de Alto Mar \u201cTrit\u00e3o\u201d foi incorporado \u00e0 Marinha do Brasil em fevereiro de 1987, ficando subordinado ao 5\u00ba Distrito Naval em julho daquele ano. O \u201cTrit\u00e3o\u201d tem como principais miss\u00f5es o socorro e salvamento de navios, embarca\u00e7\u00f5es de pesca e recreio que estejam em perigo no mar e tamb\u00e9m a Patrulha Costeira no Mar Territorial e na Zona Econ\u00f4mica Exclusiva do Brasil, contra a\u00e7\u00f5es e atividades ilegais de navios mercantes e pesqueiros.<\/p>\n<p>Na visita\u00e7\u00e3o, o p\u00fablico poder\u00e1 observar o armamento, composto por metralhadoras, duas lanchas infl\u00e1veis de a\u00e7\u00e3o r\u00e1pida para a\u00e7\u00f5es de abordagem e vistoria, dentre outros.<\/p>\n<p><strong>Local da visita\u00e7\u00e3o:<\/strong> Capitania dos Portos do Paran\u00e1: Rua Benjamin Constant, 707 \u2013 Centro Hist\u00f3rico \u2013 Paranagu\u00e1<\/p>\n<p>Fonte: Correio do Litoral.com<\/p>\n","protected":false},"excerpt":{"rendered":"<p>O navio RbAM \u201cTrit\u00e3o\u201d, da Marinha do Brasil, estar\u00e1 aberto \u00e0 visita\u00e7\u00e3o p\u00fablica nos dias 27 e 28 de setembro, das 14h \u00e0s 17h, na&#8230;<\/p>\n","protected":false},"author":1182,"featured_media":8004,"comment_status":"closed","ping_status":"closed","sticky":false,"template":"","format":"standard","meta":{"footnotes":""},"categories":[6],"tags":[],"class_list":["post-8003","post","type-post","status-publish","format-standard","has-post-thumbnail","hentry","category-noticias"],"_links":{"self":[{"href":"https:\/\/www.sincomam.org.br\/index.php\/wp-json\/wp\/v2\/posts\/8003","targetHints":{"allow":["GET"]}}],"collection":[{"href":"https:\/\/www.sincomam.org.br\/index.php\/wp-json\/wp\/v2\/posts"}],"about":[{"href":"https:\/\/www.sincomam.org.br\/index.php\/wp-json\/wp\/v2\/types\/post"}],"author":[{"embeddable":true,"href":"https:\/\/www.sincomam.org.br\/index.php\/wp-json\/wp\/v2\/users\/1182"}],"replies":[{"embeddable":true,"href":"https:\/\/www.sincomam.org.br\/index.php\/wp-json\/wp\/v2\/comments?post=8003"}],"version-history":[{"count":3,"href":"https:\/\/www.sincomam.org.br\/index.php\/wp-json\/wp\/v2\/posts\/8003\/revisions"}],"predecessor-version":[{"id":8007,"href":"https:\/\/www.sincomam.org.br\/index.php\/wp-json\/wp\/v2\/posts\/8003\/revisions\/8007"}],"wp:featuredmedia":[{"embeddable":true,"href":"https:\/\/www.sincomam.org.br\/index.php\/wp-json\/wp\/v2\/media\/8004"}],"wp:attachment":[{"href":"https:\/\/www.sincomam.org.br\/index.php\/wp-json\/wp\/v2\/media?parent=8003"}],"wp:term":[{"taxonomy":"category","embeddable":true,"href":"https:\/\/www.sincomam.org.br\/index.php\/wp-json\/wp\/v2\/categories?post=8003"},{"taxonomy":"post_tag","embeddable":true,"href":"https:\/\/www.sincomam.org.br\/index.php\/wp-json\/wp\/v2\/tags?post=8003"}],"curies":[{"name":"wp","href":"https:\/\/api.w.org\/{rel}","templated":true}]}}