{"id":7982,"date":"2014-09-25T08:31:06","date_gmt":"2014-09-25T11:31:06","guid":{"rendered":"http:\/\/www.sincomam.org.br\/?p=7982"},"modified":"2014-09-24T14:33:00","modified_gmt":"2014-09-24T17:33:00","slug":"apos-reacao-quimica-regulamentacao-da-atividade-retroportuaria-e-intensificada-em-sao-francisco-do-sul","status":"publish","type":"post","link":"https:\/\/www.sincomam.org.br\/index.php\/apos-reacao-quimica-regulamentacao-da-atividade-retroportuaria-e-intensificada-em-sao-francisco-do-sul\/","title":{"rendered":"Ap\u00f3s rea\u00e7\u00e3o qu\u00edmica, regulamenta\u00e7\u00e3o da atividade retroportu\u00e1ria \u00e9 intensificada em S\u00e3o Francisco do Sul"},"content":{"rendered":"<p>Existe uma S\u00e3o Francisco do Sul antes e outra depois do inc\u00eandio que provocou a rea\u00e7\u00e3o qu\u00edmica e deixou a cidade debaixo de um nuvem gigantesca de fuma\u00e7a h\u00e1 exatamente um ano. \u00c9 o que garantem os \u00f3rg\u00e3os ambientais e de prote\u00e7\u00e3o da cidade com base numa s\u00e9rie de medidas preventivas adotadas ap\u00f3s o incidente no galp\u00e3o da empresa Global Log\u00edstica.<\/p>\n<p>Normas regulamentadoras do Estado referentes \u00e0s atividades retroportu\u00e1rias foram atualizadas por for\u00e7a do epis\u00f3dio. Antes daqueles dias de intensa mobiliza\u00e7\u00e3o das equipes de resposta, S\u00e3o Francisco do Sul ainda n\u00e3o licenciava rigorosamente esse tipo de atua\u00e7\u00e3o em seu pr\u00f3prio territ\u00f3rio. Hoje, o munic\u00edpio cobra adequa\u00e7\u00f5es documentais e estruturais antes da emiss\u00e3o das licen\u00e7as ambientais e outros alvar\u00e1s necess\u00e1rios para o funcionamento de galp\u00f5es e armaz\u00e9ns estruturados para abrigar produtos perigosos.<\/p>\n<p>_ As licen\u00e7as eram muito vagas, apenas para as \u00e1reas retroportu\u00e1rias. Hoje, elas s\u00e3o espec\u00edficas para determinados produtos armazenados _ explica a secret\u00e1ria municipal de Meio Ambiente, Fernanda Vollrath.<\/p>\n<p>Segundo Fernanda, durante o processo de licenciamento, as empresas t\u00eam de apresentar uma ficha qu\u00edmica de todos os produtos que pretendem receber, conforme o padr\u00e3o internacional. Ap\u00f3s ser verificado se a empresa est\u00e1 ou n\u00e3o adequada para receber determinado tipo de composi\u00e7\u00e3o, o munic\u00edpio decide pela libera\u00e7\u00e3o ou n\u00e3o do local para exercer as atividades que pretende exercer.<\/p>\n<p>Tamb\u00e9m passou a ser obrigat\u00f3ria a identifica\u00e7\u00e3o visual do produto armazenado em frente ao galp\u00e3o. Assim, numa eventual emerg\u00eancia, as equipes de combate j\u00e1 sabem com o que est\u00e3o lidando.<\/p>\n<p>_ Quase 100% das empresas instaladas atualmente em S\u00e3o Francisco do Sul est\u00e3o adequadas ou finalizando os processos de adequa\u00e7\u00f5es para minimizar os impactos ambientais e, principalmente, de seguran\u00e7a _ diz Fernanda.<\/p>\n<p>Exemplo de rigor na movimenta\u00e7\u00e3o de produtos t\u00f3xicos vem do m\u00eas de julho, quando a Prefeitura vetou o descarregamento de uma carga conhecida como coque verde de petr\u00f3leo no porto da cidade. A decis\u00e3o foi baseada na falta de informa\u00e7\u00e3o sobre as etapas da opera\u00e7\u00e3o de descarregamento e de transporte do material at\u00e9 a sa\u00edda dos limites do munic\u00edpio.<\/p>\n<p>Outra heran\u00e7a da rea\u00e7\u00e3o qu\u00edmica no galp\u00e3o da Global diz respeito ao aparato de conten\u00e7\u00e3o exigido em caso de incidente semelhante. Os armaz\u00e9ns em atividade atualmente precisam estabelecer um sistema de drenagem que permita, quando necess\u00e1rio o combate com \u00e1gua, o direcionamento dos res\u00edduos l\u00edquidos sem que tenham contato com o solo, minimizando o impacto ao meio ambiente.<\/p>\n<p><strong>Impactos monitorados<\/strong><\/p>\n<p>Os procedimentos de canaliza\u00e7\u00e3o, redirecionamento e tratamento de toda a \u00e1gua usada nos dias de combate \u00e0 rea\u00e7\u00e3o qu\u00edmica s\u00f3 terminou no m\u00eas passado. Todo o material recolhido era monitorado e passava por an\u00e1lises qu\u00edmicas. Segundo a Secretaria de Meio Ambiente de S\u00e3o Francisco do Sul, isto foi fundamental para n\u00e3o agredir o solo e a \u00e1gua de um rio pr\u00f3ximo ao local do acidente, no bairro Paulas.<\/p>\n<p>_ Fizemos an\u00e1lises do ar, da qualidade da \u00e1gua, de uma \u00e1rea de influ\u00eancia direta e indireta da empresa, al\u00e9m do monitoramento da vegeta\u00e7\u00e3o e da fauna. Um trabalho amplo para que pud\u00e9ssemos dar garantias de que o entorno est\u00e1 controlado ap\u00f3s o incidente _ afirma a secret\u00e1ria Fernanda Vollrath.<\/p>\n<p><strong>Cidade mais preparada<\/strong><\/p>\n<p>Atual secret\u00e1rio de Administra\u00e7\u00e3o da Prefeitura de S\u00e3o Francisco do Sul, Jos\u00e9 Eduardo Henning Neto era coordenador da Defesa Civil durante o incidente com a fuma\u00e7a t\u00f3xica. Hoje, diz o ex-coordenador, a cidade est\u00e1 mais preparada e capaz de responder de maneira mais r\u00e1pida em um evento do mesmo porte.<\/p>\n<p>_ Aquilo (inc\u00eandio) serviu de li\u00e7\u00e3o para todos. O munic\u00edpio investiu bastante nos bombeiros, os equipamentos est\u00e3o melhores, temos carros de combate, a estrutura f\u00edsica est\u00e1 melhorada _ garante.<\/p>\n<p>As empresas importadoras em S\u00e3o Francisco do Sul, observa o secret\u00e1rio, tamb\u00e9m s\u00e3o obrigadas a informar os produtos que v\u00e3o entrar no porto, os volumes e os locais onde ser\u00e3o armazenados.<\/p>\n<p><strong>Licenciamento<\/strong><\/p>\n<p>Est\u00e1 valendo desde maio, na Funda\u00e7\u00e3o do Meio Ambiente (Fatma), a instru\u00e7\u00e3o normativa n\u00famero 68. Ela define a documenta\u00e7\u00e3o necess\u00e1ria e crit\u00e9rios para apresenta\u00e7\u00e3o dos planos, programas e projetos ambientais para implanta\u00e7\u00e3o de terminais e estabelecimentos de com\u00e9rcio atacadista e dep\u00f3sitos de pequeno, m\u00e9dio e grande porte, incluindo tratamento de res\u00edduos l\u00edquidos, tratamento e disposi\u00e7\u00e3o de res\u00edduos s\u00f3lidos, ru\u00eddos , vibra\u00e7\u00f5es e outros passivos ambientais.<\/p>\n<p>Fonte: Di\u00e1rio Catarinense\/Leandro Junges e Roelton Maciel<\/p>\n","protected":false},"excerpt":{"rendered":"<p>Existe uma S\u00e3o Francisco do Sul antes e outra depois do inc\u00eandio que provocou a rea\u00e7\u00e3o qu\u00edmica e deixou a cidade debaixo de um nuvem&#8230;<\/p>\n","protected":false},"author":1182,"featured_media":6060,"comment_status":"closed","ping_status":"closed","sticky":false,"template":"","format":"standard","meta":{"footnotes":""},"categories":[6],"tags":[],"class_list":["post-7982","post","type-post","status-publish","format-standard","has-post-thumbnail","hentry","category-noticias"],"_links":{"self":[{"href":"https:\/\/www.sincomam.org.br\/index.php\/wp-json\/wp\/v2\/posts\/7982","targetHints":{"allow":["GET"]}}],"collection":[{"href":"https:\/\/www.sincomam.org.br\/index.php\/wp-json\/wp\/v2\/posts"}],"about":[{"href":"https:\/\/www.sincomam.org.br\/index.php\/wp-json\/wp\/v2\/types\/post"}],"author":[{"embeddable":true,"href":"https:\/\/www.sincomam.org.br\/index.php\/wp-json\/wp\/v2\/users\/1182"}],"replies":[{"embeddable":true,"href":"https:\/\/www.sincomam.org.br\/index.php\/wp-json\/wp\/v2\/comments?post=7982"}],"version-history":[{"count":1,"href":"https:\/\/www.sincomam.org.br\/index.php\/wp-json\/wp\/v2\/posts\/7982\/revisions"}],"predecessor-version":[{"id":7983,"href":"https:\/\/www.sincomam.org.br\/index.php\/wp-json\/wp\/v2\/posts\/7982\/revisions\/7983"}],"wp:featuredmedia":[{"embeddable":true,"href":"https:\/\/www.sincomam.org.br\/index.php\/wp-json\/wp\/v2\/media\/6060"}],"wp:attachment":[{"href":"https:\/\/www.sincomam.org.br\/index.php\/wp-json\/wp\/v2\/media?parent=7982"}],"wp:term":[{"taxonomy":"category","embeddable":true,"href":"https:\/\/www.sincomam.org.br\/index.php\/wp-json\/wp\/v2\/categories?post=7982"},{"taxonomy":"post_tag","embeddable":true,"href":"https:\/\/www.sincomam.org.br\/index.php\/wp-json\/wp\/v2\/tags?post=7982"}],"curies":[{"name":"wp","href":"https:\/\/api.w.org\/{rel}","templated":true}]}}