{"id":7962,"date":"2014-09-24T09:03:03","date_gmt":"2014-09-24T12:03:03","guid":{"rendered":"http:\/\/www.sincomam.org.br\/?p=7962"},"modified":"2014-09-24T09:08:12","modified_gmt":"2014-09-24T12:08:12","slug":"inscricoes-abertas-museu-naval-sedia-eventos-academicos-sobre-historia-militar","status":"publish","type":"post","link":"https:\/\/www.sincomam.org.br\/index.php\/inscricoes-abertas-museu-naval-sedia-eventos-academicos-sobre-historia-militar\/","title":{"rendered":"Inscri\u00e7\u00f5es abertas: Museu Naval sedia eventos acad\u00eamicos sobre Hist\u00f3ria Militar"},"content":{"rendered":"<p>O Museu Naval da Marinha, no centro do Rio de Janeiro, vai sediar dois importantes eventos acad\u00eamicos relativos aos estudos sobre a trajet\u00f3ria das For\u00e7as Armadas: o VI Ciclo de Estudos e Pesquisas em Hist\u00f3ria Militar e o II Encontro de Historiadores Militares. As qualifica\u00e7\u00f5es acontecem nos pr\u00f3ximos dias 24\/9 (quarta) e 30\/9 (ter\u00e7a). As inscri\u00e7\u00f5es s\u00e3o gratuitas e podem ser feitas pelo telefone (21) 2232-2691 ou pelo e-mail ighmb_nephim@yahoo.com.br. Haver\u00e1 entrega de certificados.<\/p>\n<p>Coordenado pelos professores Renato Paranhos Restier, do Instituto de Geografia e Hist\u00f3ria Militar do Brasil (IGHMB), e Pierre Paulo de Cunha Castro, capit\u00e3o-de-fragata da Diretoria do Patrim\u00f4nio Hist\u00f3rico e Documenta\u00e7\u00e3o da Marinha, (DPHDM), os eventos abordar\u00e3o temas como a Guerra do Paraguai; Guerras, Estudos Estrat\u00e9gicos e Rela\u00e7\u00f5es Internacionais; e a Guerra nos Estudos da Antiguidade e do Medievo.<\/p>\n<p><strong>Clique na imagem e confira a programa\u00e7\u00e3o:<\/strong><br \/><a href=\"https:\/\/www.sincomam.org.br\/wp-content\/uploads\/2014\/09\/encontro.jpg\"><img fetchpriority=\"high\" decoding=\"async\" src=\"https:\/\/www.sincomam.org.br\/wp-content\/uploads\/2014\/09\/encontro-210x300.jpg\" alt=\"encontro\" width=\"210\" height=\"300\" class=\"alignnone size-medium wp-image-7963\" srcset=\"https:\/\/www.sincomam.org.br\/wp-content\/uploads\/2014\/09\/encontro-210x300.jpg 210w, https:\/\/www.sincomam.org.br\/wp-content\/uploads\/2014\/09\/encontro-718x1024.jpg 718w\" sizes=\"(max-width: 210px) 100vw, 210px\" \/><\/a><\/p>\n","protected":false},"excerpt":{"rendered":"<p>O Museu Naval da Marinha, no centro do Rio de Janeiro, vai sediar dois importantes eventos acad\u00eamicos relativos aos estudos sobre a trajet\u00f3ria das For\u00e7as&#8230;<\/p>\n","protected":false},"author":1182,"featured_media":7964,"comment_status":"closed","ping_status":"closed","sticky":false,"template":"","format":"standard","meta":{"footnotes":""},"categories":[6],"tags":[],"class_list":["post-7962","post","type-post","status-publish","format-standard","has-post-thumbnail","hentry","category-noticias"],"_links":{"self":[{"href":"https:\/\/www.sincomam.org.br\/index.php\/wp-json\/wp\/v2\/posts\/7962","targetHints":{"allow":["GET"]}}],"collection":[{"href":"https:\/\/www.sincomam.org.br\/index.php\/wp-json\/wp\/v2\/posts"}],"about":[{"href":"https:\/\/www.sincomam.org.br\/index.php\/wp-json\/wp\/v2\/types\/post"}],"author":[{"embeddable":true,"href":"https:\/\/www.sincomam.org.br\/index.php\/wp-json\/wp\/v2\/users\/1182"}],"replies":[{"embeddable":true,"href":"https:\/\/www.sincomam.org.br\/index.php\/wp-json\/wp\/v2\/comments?post=7962"}],"version-history":[{"count":3,"href":"https:\/\/www.sincomam.org.br\/index.php\/wp-json\/wp\/v2\/posts\/7962\/revisions"}],"predecessor-version":[{"id":7967,"href":"https:\/\/www.sincomam.org.br\/index.php\/wp-json\/wp\/v2\/posts\/7962\/revisions\/7967"}],"wp:featuredmedia":[{"embeddable":true,"href":"https:\/\/www.sincomam.org.br\/index.php\/wp-json\/wp\/v2\/media\/7964"}],"wp:attachment":[{"href":"https:\/\/www.sincomam.org.br\/index.php\/wp-json\/wp\/v2\/media?parent=7962"}],"wp:term":[{"taxonomy":"category","embeddable":true,"href":"https:\/\/www.sincomam.org.br\/index.php\/wp-json\/wp\/v2\/categories?post=7962"},{"taxonomy":"post_tag","embeddable":true,"href":"https:\/\/www.sincomam.org.br\/index.php\/wp-json\/wp\/v2\/tags?post=7962"}],"curies":[{"name":"wp","href":"https:\/\/api.w.org\/{rel}","templated":true}]}}