{"id":7939,"date":"2014-09-24T08:10:06","date_gmt":"2014-09-24T11:10:06","guid":{"rendered":"http:\/\/www.sincomam.org.br\/?p=7939"},"modified":"2014-09-23T18:40:47","modified_gmt":"2014-09-23T21:40:47","slug":"projeto-de-mudanca-para-o-porto-de-pecem-esta-parado","status":"publish","type":"post","link":"https:\/\/www.sincomam.org.br\/index.php\/projeto-de-mudanca-para-o-porto-de-pecem-esta-parado\/","title":{"rendered":"Projeto de mudan\u00e7a para o porto de Pec\u00e9m est\u00e1 parado"},"content":{"rendered":"<p>O prazo para transfer\u00eancia do parque de tancagem que armazena combust\u00edveis no Porto de Fortaleza (Mucuripe) para o Porto do Pec\u00e9m termina no dia 31 de dezembro e at\u00e9 agora o projeto continua parado.<\/p>\n<p>A necessidade de transfer\u00eancia vem sendo discutida desde quando se come\u00e7ou a falar em trazer uma refinaria para o Pec\u00e9m, h\u00e1 cerca de 20 anos. Protocolos de inten\u00e7\u00f5es, termo de anu\u00eancia para utiliza\u00e7\u00e3o de terreno localizado no Complexo Industrial e Portu\u00e1rio do Pec\u00e9m (CIPP) n\u00e3o sa\u00edram do papel.<\/p>\n<p>O decreto n\u00ba 31.034, de l9 de outubro de 2012, em vigor, estabeleceu o prazo compuls\u00f3rio de encerramento dessas atividades no Mucuripe para o dia 31 de dezembro, por\u00e9m o cen\u00e1rio ainda \u00e9 de indecis\u00e3o.<\/p>\n<p>O consultor na \u00e1rea de petr\u00f3leo e combust\u00edvel, Bruno Iughetti, explica que a transfer\u00eancia n\u00e3o ocorreu at\u00e9 hoje porque deveria ter sido preparada uma infraestrutura de suprimento (um sistema completo de abastecimento) ou a refinaria.<\/p>\n<p>\u201cComo n\u00e3o saiu nem uma coisa nem outra o projeto est\u00e1 parado\u201d, comenta. Ele ressalta que a constru\u00e7\u00e3o dos empreendimentos n\u00e3o est\u00e1 dentro do Plano Estrat\u00e9gico da Petrobr\u00e1s nem do Governo do Estado.<\/p>\n<p>O novo presidente da Companhia Docas do Cear\u00e1 (CDC), M\u00e1rio Jorge Cavalcanti, confirma que a infraestrutura no Pec\u00e9m n\u00e3o est\u00e1 pronta e que o decreto estadual que determina a retirada da tancagem vem sendo reeditado h\u00e1 v\u00e1rias gest\u00f5es. \u201cUm dia vai para o Pec\u00e9m. N\u00e3o se sabe quando\u201d.<\/p>\n<p><strong>Responsabilidades<\/strong><\/p>\n<p>A Secretaria de Infraestrutura do Cear\u00e1 (Seinfra) informa que n\u00e3o apenas ela \u00e9 a respons\u00e1vel, mas outros \u00f3rg\u00e3os chamados atrav\u00e9s de decreto do Governo do Estado, est\u00e3o envolvidos no processo de transfer\u00eancia da tancagem.<\/p>\n<p>Al\u00e9m da Seinfra, a Ag\u00eancia de Desenvolvimento do Cear\u00e1 (Adece), o Conselho Estadual de Desenvolvimento Econ\u00f4mico (CEDE), a Procuradoria Geral do Estado (PGE) e a Prefeitura de Fortaleza est\u00e3o empenhados em encontrar uma solu\u00e7\u00e3o para o assunto.<\/p>\n<p>\u201cPela primeira vez o projeto \u00e9 tratado de forma profunda, tanto que o Governo contratou um estudo, em andamento, que vai viabilizar a transfer\u00eancia\u201d, disse o titular da Seinfra, Adail Fontenele.<\/p>\n<p>Segundo ele a empresa Andrade Gutierrez \u00e9 a respons\u00e1vel pelo Projeto de Manifesta\u00e7\u00e3o de Interesse (PMI) do terminal de tancagem no CIPP, e o pr\u00f3ximo passo \u00e9 escolher a empresa que ir\u00e1 construir o terminal.<\/p>\n<p>De acordo com a Seinfra, a empresa ganhou a licita\u00e7\u00e3o para apresentar um modelo financeiro. \u201cA ideia \u00e9 que o processo esteja consolidado at\u00e9 o final deste ano.<\/p>\n<p>Sobre a demora na transfer\u00eancia, h\u00e1 pelo menos duas d\u00e9cadas, afirma que \u201co atual governo est\u00e1 se esfor\u00e7ando para sanar a pend\u00eancia o mais r\u00e1pido poss\u00edvel\u201d.<\/p>\n<p>Fonte: O Povo (CE)\/Artumira Dutra<\/p>\n","protected":false},"excerpt":{"rendered":"<p>O prazo para transfer\u00eancia do parque de tancagem que armazena combust\u00edveis no Porto de Fortaleza (Mucuripe) para o Porto do Pec\u00e9m termina no dia 31&#8230;<\/p>\n","protected":false},"author":1182,"featured_media":0,"comment_status":"closed","ping_status":"closed","sticky":false,"template":"","format":"standard","meta":{"footnotes":""},"categories":[6],"tags":[],"class_list":["post-7939","post","type-post","status-publish","format-standard","hentry","category-noticias"],"_links":{"self":[{"href":"https:\/\/www.sincomam.org.br\/index.php\/wp-json\/wp\/v2\/posts\/7939","targetHints":{"allow":["GET"]}}],"collection":[{"href":"https:\/\/www.sincomam.org.br\/index.php\/wp-json\/wp\/v2\/posts"}],"about":[{"href":"https:\/\/www.sincomam.org.br\/index.php\/wp-json\/wp\/v2\/types\/post"}],"author":[{"embeddable":true,"href":"https:\/\/www.sincomam.org.br\/index.php\/wp-json\/wp\/v2\/users\/1182"}],"replies":[{"embeddable":true,"href":"https:\/\/www.sincomam.org.br\/index.php\/wp-json\/wp\/v2\/comments?post=7939"}],"version-history":[{"count":1,"href":"https:\/\/www.sincomam.org.br\/index.php\/wp-json\/wp\/v2\/posts\/7939\/revisions"}],"predecessor-version":[{"id":7940,"href":"https:\/\/www.sincomam.org.br\/index.php\/wp-json\/wp\/v2\/posts\/7939\/revisions\/7940"}],"wp:attachment":[{"href":"https:\/\/www.sincomam.org.br\/index.php\/wp-json\/wp\/v2\/media?parent=7939"}],"wp:term":[{"taxonomy":"category","embeddable":true,"href":"https:\/\/www.sincomam.org.br\/index.php\/wp-json\/wp\/v2\/categories?post=7939"},{"taxonomy":"post_tag","embeddable":true,"href":"https:\/\/www.sincomam.org.br\/index.php\/wp-json\/wp\/v2\/tags?post=7939"}],"curies":[{"name":"wp","href":"https:\/\/api.w.org\/{rel}","templated":true}]}}