{"id":7936,"date":"2014-09-24T08:27:39","date_gmt":"2014-09-24T11:27:39","guid":{"rendered":"http:\/\/www.sincomam.org.br\/?p=7936"},"modified":"2014-09-23T18:34:37","modified_gmt":"2014-09-23T21:34:37","slug":"parque-de-aerogeradores-esta-em-fase-de-expansao","status":"publish","type":"post","link":"https:\/\/www.sincomam.org.br\/index.php\/parque-de-aerogeradores-esta-em-fase-de-expansao\/","title":{"rendered":"Parque de aerogeradores est\u00e1 em fase de expans\u00e3o"},"content":{"rendered":"<p>Para chegar a 2020 com uma capacidade instalada de 20 GW, como previsto pela Associa\u00e7\u00e3o Brasileira de Energia E\u00f3lica (Abee\u00f3lica), o parque gerador brasileiro ter\u00e1 que realizar, em m\u00e9dia, uma expans\u00e3o anual de 2,5 GW. Essa expans\u00e3o implica encomendas de equipamentos da ordem de R$ 7 bilh\u00f5es por ano. A perspectiva de bons neg\u00f3cios tem estimulado investimentos produtivos no pa\u00eds. Ao mesmo tempo, fornecedores de aerogeradores tentam superar os gargalos da cadeia produtiva para se enquadrar nas exig\u00eancias de conte\u00fado local estipuladas pelo Banco Nacional de Desenvolvimento Econ\u00f4mico e Social (BNDES) para a concess\u00e3o de financiamentos subsidiados na compra de equipamentos.<\/p>\n<p>A pol\u00edtica do BNDES adotada no fim de 2012 prev\u00ea at\u00e9 2016 uma gradual nacionaliza\u00e7\u00e3o de etapas produtivas, superando a casa dos 60% de conte\u00fado local. Elbia Melo, presidente da Abee\u00f3lica, diz que desde 2013 geradores e fornecedores de equipamentos, representados pela Associa\u00e7\u00e3o Brasileira de Maquinas e Equipamentos (Abimaq), t\u00eam mantido conversa\u00e7\u00f5es para detectar e solucionar gargalos da cadeia produtiva e que os problemas est\u00e3o sendo superados. &#8220;A exig\u00eancia de conte\u00fado local n\u00e3o ser\u00e1 um entrave para a expans\u00e3o da gera\u00e7\u00e3o e\u00f3lica&#8221;, afirma.<\/p>\n<p>Segundo o BNDES, um total de 37 projetos de investimentos produtivos j\u00e1 foi anunciado, sendo 22 novas unidades industriais e 15 expans\u00f5es de f\u00e1bricas. O n\u00famero de projetos poder\u00e1 ser ainda maior, relatam representantes das ind\u00fastrias de equipamentos. Jean-Claude Robert, gerente-geral da divis\u00e3o de energias renov\u00e1veis da GE para a Am\u00e9rica Latina, diz que, com os investimentos em curso, o Brasil passa a contar com uma cadeia completa de fornecimento de equipamentos e\u00f3licos, mas ainda ser\u00e1 necess\u00e1rio aumentar a escala produtiva para atender ao crescimento da demanda, e ganhar competitividade para, no futuro, o setor se tornar exportador. &#8220;Estamos diante de um bom desafio, que \u00e9 de crescimento, mas a ind\u00fastria tem condi\u00e7\u00f5es de atender a demanda projetada para os pr\u00f3ximos anos&#8221;, diz.<\/p>\n<p>Sem relevar detalhes, &#8220;para n\u00e3o alertar a concorr\u00eancia&#8221;, Tobert diz que a GE estuda novos investimentos na produ\u00e7\u00e3o de componentes considerados como gargalos pela companhia. Atualmente a empresa opera uma f\u00e1brica em Campinas (SP) de hubs, o &#8220;nariz&#8221; da turbina, que alcan\u00e7ou este ano a marca de mil pe\u00e7as produzidas. Em novembro, come\u00e7a a produzir a nacelle, considerada o &#8220;cora\u00e7\u00e3o&#8221; do sistema, dois meses antes do prazo estabelecido pelo BNDES para a nacionaliza\u00e7\u00e3o do componente.<\/p>\n<p>Marcos Costa, presidente da Alstom Brasil, diz que, por meio de negocia\u00e7\u00f5es conduzidas pela companhia, 29 novas linhas produtivas de componentes foram introduzidas no pa\u00eds por empresas estrangeiras ou expans\u00e3o de fabricantes locais. &#8220;Vamos adensar ainda mais nossa cadeia de fornecimento local&#8221;, diz. O objetivo em m\u00e9dio prazo, segundo Costa, \u00e9 tornar a produ\u00e7\u00e3o brasileira competitiva para atender a Am\u00e9rica Latina.<\/p>\n<p>A Alstom j\u00e1 investiu R$ 60 milh\u00f5es em duas f\u00e1bricas no Brasil. A primeira opera desde 2011 em Cama\u00e7ari (BA) para a produ\u00e7\u00e3o de nacelles, e a segunda de torres de a\u00e7o em Canoas (RS). Em agosto, a companhia anunciou uma joint venture com a Andrade Gutierrez para investimento de R$ 90 milh\u00f5es em uma f\u00e1brica de torres para aerogeradores em Jacobina (BA), com capacidade inicial de 200 unidades por ano. A previs\u00e3o \u00e9 entrar em opera\u00e7\u00e3o neste ano.<\/p>\n<p>O plano de investimentos da Gamesa soma R$ 500 milh\u00f5es at\u00e9 2015. A empresa tem f\u00e1brica em Cama\u00e7ari de nacelles e cubos com capacidade anual de 700 MW. Segundo o diretor executivo Edgard Corrochano, as encomendas j\u00e1 contratadas garantem uma ocupa\u00e7\u00e3o de 100% da capacidade para 2015, mas ainda n\u00e3o h\u00e1 uma contrata\u00e7\u00e3o equivalente para 2016.<\/p>\n<p>Fonte: Valor Econ\u00f4micoDomingos Zaparolli | Para o Valor, de S\u00e3o Paulo<\/p>\n","protected":false},"excerpt":{"rendered":"<p>Para chegar a 2020 com uma capacidade instalada de 20 GW, como previsto pela Associa\u00e7\u00e3o Brasileira de Energia E\u00f3lica (Abee\u00f3lica), o parque gerador brasileiro ter\u00e1&#8230;<\/p>\n","protected":false},"author":1182,"featured_media":7937,"comment_status":"closed","ping_status":"closed","sticky":false,"template":"","format":"standard","meta":{"footnotes":""},"categories":[6],"tags":[],"class_list":["post-7936","post","type-post","status-publish","format-standard","has-post-thumbnail","hentry","category-noticias"],"_links":{"self":[{"href":"https:\/\/www.sincomam.org.br\/index.php\/wp-json\/wp\/v2\/posts\/7936","targetHints":{"allow":["GET"]}}],"collection":[{"href":"https:\/\/www.sincomam.org.br\/index.php\/wp-json\/wp\/v2\/posts"}],"about":[{"href":"https:\/\/www.sincomam.org.br\/index.php\/wp-json\/wp\/v2\/types\/post"}],"author":[{"embeddable":true,"href":"https:\/\/www.sincomam.org.br\/index.php\/wp-json\/wp\/v2\/users\/1182"}],"replies":[{"embeddable":true,"href":"https:\/\/www.sincomam.org.br\/index.php\/wp-json\/wp\/v2\/comments?post=7936"}],"version-history":[{"count":1,"href":"https:\/\/www.sincomam.org.br\/index.php\/wp-json\/wp\/v2\/posts\/7936\/revisions"}],"predecessor-version":[{"id":7938,"href":"https:\/\/www.sincomam.org.br\/index.php\/wp-json\/wp\/v2\/posts\/7936\/revisions\/7938"}],"wp:featuredmedia":[{"embeddable":true,"href":"https:\/\/www.sincomam.org.br\/index.php\/wp-json\/wp\/v2\/media\/7937"}],"wp:attachment":[{"href":"https:\/\/www.sincomam.org.br\/index.php\/wp-json\/wp\/v2\/media?parent=7936"}],"wp:term":[{"taxonomy":"category","embeddable":true,"href":"https:\/\/www.sincomam.org.br\/index.php\/wp-json\/wp\/v2\/categories?post=7936"},{"taxonomy":"post_tag","embeddable":true,"href":"https:\/\/www.sincomam.org.br\/index.php\/wp-json\/wp\/v2\/tags?post=7936"}],"curies":[{"name":"wp","href":"https:\/\/api.w.org\/{rel}","templated":true}]}}