{"id":7829,"date":"2014-09-17T08:20:35","date_gmt":"2014-09-17T11:20:35","guid":{"rendered":"http:\/\/www.sincomam.org.br\/?p=7829"},"modified":"2014-09-16T22:37:11","modified_gmt":"2014-09-17T01:37:11","slug":"praticagem-investe-r-8-milhoes-em-centro-no-porto-de-santos","status":"publish","type":"post","link":"https:\/\/www.sincomam.org.br\/index.php\/praticagem-investe-r-8-milhoes-em-centro-no-porto-de-santos\/","title":{"rendered":"Praticagem investe R$ 8 milh\u00f5es em centro no porto de Santos"},"content":{"rendered":"<p>A Praticagem de S\u00e3o Paulo, respons\u00e1vel pela manobra dos navios nos portos de Santos e S\u00e3o Sebasti\u00e3o, inaugura nesta segunda-feira, 15, o novo Centro de Coordena\u00e7\u00e3o, Comunica\u00e7\u00f5es e Opera\u00e7\u00f5es de Tr\u00e1fego (C3OT), que, segundo a sociedade, deve garantir mais agilidade e seguran\u00e7a nas manobras dos navios no Porto de Santos. Entre a obra civil e a compra de equipamentos a entidade investiu R$ 8 milh\u00f5es nas novas instala\u00e7\u00f5es.<\/p>\n<p>Foram instalados c\u00e2meras, equipamentos para medi\u00e7\u00e3o de ondas, profundidade e visibilidade ao longo do canal e tecnologia para fornecer informa\u00e7\u00f5es em tempo real para permitir o monitoramento de todo o canal naveg\u00e1vel do porto santista, com seus 20 quil\u00f4metros e 67 terminais e ber\u00e7os de atraca\u00e7\u00e3o.<\/p>\n<p>A Praticagem de Santos afirma que ser\u00e1 a primeira a possuir esse sistema. Os equipamentos j\u00e1 est\u00e3o instalados em outros portos mundo afora, mas normalmente s\u00e3o implantados e mantidos pela autoridade portu\u00e1ria e, em alguns casos, operados pelas praticagens.<\/p>\n<p>Legalmente, os pr\u00e1ticos devem manter uma atalaia apenas para a escala\u00e7\u00e3o dos pr\u00e1ticos e lanchas que os transportam para as manobras.<\/p>\n<p>Em nota, o presidente da Praticagem, Paulo S\u00e9rgio Barbosa, explicou que a necessidade de implantar o novo centro de opera\u00e7\u00f5es surgiu da atual realidade do movimento do porto de Santos.<\/p>\n<p>&#8220;Os navios est\u00e3o cada vez maiores, com dimens\u00f5es praticamente dobradas nos \u00faltimos 13 anos. Mas as condi\u00e7\u00f5es geogr\u00e1ficas do porto n\u00e3o mudaram: o canal continua estreito e sinuoso&#8221;, disse.<\/p>\n<p>At\u00e9 o ano 2000, a predomin\u00e2ncia dos navios que operavam no cais santista era dos com 160 metros de comprimento e 25 metros de largura, dimens\u00f5es que quase dobraram em treze anos, para at\u00e9 336 metros de comprimento.<\/p>\n<p>Fonte: Luciana Collet, do Estad\u00e3o<\/p>\n","protected":false},"excerpt":{"rendered":"<p>A Praticagem de S\u00e3o Paulo, respons\u00e1vel pela manobra dos navios nos portos de Santos e S\u00e3o Sebasti\u00e3o, inaugura nesta segunda-feira, 15, o novo Centro de&#8230;<\/p>\n","protected":false},"author":1182,"featured_media":5272,"comment_status":"closed","ping_status":"closed","sticky":false,"template":"","format":"standard","meta":{"footnotes":""},"categories":[6],"tags":[],"class_list":["post-7829","post","type-post","status-publish","format-standard","has-post-thumbnail","hentry","category-noticias"],"_links":{"self":[{"href":"https:\/\/www.sincomam.org.br\/index.php\/wp-json\/wp\/v2\/posts\/7829","targetHints":{"allow":["GET"]}}],"collection":[{"href":"https:\/\/www.sincomam.org.br\/index.php\/wp-json\/wp\/v2\/posts"}],"about":[{"href":"https:\/\/www.sincomam.org.br\/index.php\/wp-json\/wp\/v2\/types\/post"}],"author":[{"embeddable":true,"href":"https:\/\/www.sincomam.org.br\/index.php\/wp-json\/wp\/v2\/users\/1182"}],"replies":[{"embeddable":true,"href":"https:\/\/www.sincomam.org.br\/index.php\/wp-json\/wp\/v2\/comments?post=7829"}],"version-history":[{"count":1,"href":"https:\/\/www.sincomam.org.br\/index.php\/wp-json\/wp\/v2\/posts\/7829\/revisions"}],"predecessor-version":[{"id":7830,"href":"https:\/\/www.sincomam.org.br\/index.php\/wp-json\/wp\/v2\/posts\/7829\/revisions\/7830"}],"wp:featuredmedia":[{"embeddable":true,"href":"https:\/\/www.sincomam.org.br\/index.php\/wp-json\/wp\/v2\/media\/5272"}],"wp:attachment":[{"href":"https:\/\/www.sincomam.org.br\/index.php\/wp-json\/wp\/v2\/media?parent=7829"}],"wp:term":[{"taxonomy":"category","embeddable":true,"href":"https:\/\/www.sincomam.org.br\/index.php\/wp-json\/wp\/v2\/categories?post=7829"},{"taxonomy":"post_tag","embeddable":true,"href":"https:\/\/www.sincomam.org.br\/index.php\/wp-json\/wp\/v2\/tags?post=7829"}],"curies":[{"name":"wp","href":"https:\/\/api.w.org\/{rel}","templated":true}]}}