{"id":7825,"date":"2014-09-17T08:15:37","date_gmt":"2014-09-17T11:15:37","guid":{"rendered":"http:\/\/www.sincomam.org.br\/?p=7825"},"modified":"2014-09-16T22:22:29","modified_gmt":"2014-09-17T01:22:29","slug":"tcu-anuncia-audiencia-publica-para-debater-operacoes-de-graneis-na-ponta-da-praia","status":"publish","type":"post","link":"https:\/\/www.sincomam.org.br\/index.php\/tcu-anuncia-audiencia-publica-para-debater-operacoes-de-graneis-na-ponta-da-praia\/","title":{"rendered":"TCU anuncia audi\u00eancia p\u00fablica para debater opera\u00e7\u00f5es de graneis na Ponta da Praia"},"content":{"rendered":"<p>Tribunal de Contas da Uni\u00e3o (TCU) realizar\u00e1 uma audi\u00eancia p\u00fablica ap\u00f3s as elei\u00e7\u00f5es para debater os arrendamentos do Porto de Santos, em especial opera\u00e7\u00f5es de graneis s\u00f3lidos de origem vegetal nos terminais da Ponta da Praia, que causam impacto na qualidade de vida da popula\u00e7\u00e3o, ao meio ambiente e \u00e0 mobilidade. A decis\u00e3o foi anunciada na \u00faltima sexta-feira (11) pelo ministro presidente do TCU, Augusto Nardes, e pelo ministro Raimundo Carreiro, durante visita t\u00e9cnica ao porto.<\/p>\n<p>Eles estiveram em Santos para ampliar o contato com a realidade das opera\u00e7\u00f5es portu\u00e1rias a fim de dar continuidade \u00e0 an\u00e1lise dos editais de arrendamento propostos pelo governo federal, que apontam a continuidade das opera\u00e7\u00f5es de gr\u00e3os no Corredor de Exporta\u00e7\u00e3o, na Ponta da Praia. A medida tem sido combatida pela prefeitura.<\/p>\n<p>A visita foi acompanhada pelo prefeito Paulo Alexandre Barbosa, que apresentou argumentos pela preserva\u00e7\u00e3o da caracter\u00edstica residencial do bairro, com sugest\u00e3o de alternativas para a opera\u00e7\u00e3o de gr\u00e3os na \u00c1rea Continental e na Insular, onde h\u00e1 outros espa\u00e7os prontos para operar, com impacto praticamente inexistente para a popula\u00e7\u00e3o.<\/p>\n<p>\u201cTivemos uma conquista com essa visita do TCU. Na audi\u00eancia vamos expor argumentos e alternativas como fizemos hoje (11) para os ministros, que se mostraram sens\u00edveis \u00e0 quest\u00e3o. Ser\u00e1 um f\u00f3rum de discuss\u00e3o com o TCU, que tem legitimidade para tomada de decis\u00e3o\u201d, afirmou o prefeito.<\/p>\n<p>Ao anunciar a audi\u00eancia p\u00fablica, o ministro presidente do TCU ressaltou a necessidade da discuss\u00e3o. \u201cAs decis\u00f5es n\u00e3o podem ser tomadas em pequenos grupos, mas ouvindo a comunidade, o prefeito, o Minist\u00e9rio P\u00fablico e as lideran\u00e7as\u201d.<\/p>\n<p>Fonte: Di\u00e1rio do Litoral<\/p>\n<p>&nbsp;<\/p>\n","protected":false},"excerpt":{"rendered":"<p>Tribunal de Contas da Uni\u00e3o (TCU) realizar\u00e1 uma audi\u00eancia p\u00fablica ap\u00f3s as elei\u00e7\u00f5es para debater os arrendamentos do Porto de Santos, em especial opera\u00e7\u00f5es de&#8230;<\/p>\n","protected":false},"author":1182,"featured_media":5432,"comment_status":"closed","ping_status":"closed","sticky":false,"template":"","format":"standard","meta":{"footnotes":""},"categories":[6],"tags":[],"class_list":["post-7825","post","type-post","status-publish","format-standard","has-post-thumbnail","hentry","category-noticias"],"_links":{"self":[{"href":"https:\/\/www.sincomam.org.br\/index.php\/wp-json\/wp\/v2\/posts\/7825","targetHints":{"allow":["GET"]}}],"collection":[{"href":"https:\/\/www.sincomam.org.br\/index.php\/wp-json\/wp\/v2\/posts"}],"about":[{"href":"https:\/\/www.sincomam.org.br\/index.php\/wp-json\/wp\/v2\/types\/post"}],"author":[{"embeddable":true,"href":"https:\/\/www.sincomam.org.br\/index.php\/wp-json\/wp\/v2\/users\/1182"}],"replies":[{"embeddable":true,"href":"https:\/\/www.sincomam.org.br\/index.php\/wp-json\/wp\/v2\/comments?post=7825"}],"version-history":[{"count":1,"href":"https:\/\/www.sincomam.org.br\/index.php\/wp-json\/wp\/v2\/posts\/7825\/revisions"}],"predecessor-version":[{"id":7826,"href":"https:\/\/www.sincomam.org.br\/index.php\/wp-json\/wp\/v2\/posts\/7825\/revisions\/7826"}],"wp:featuredmedia":[{"embeddable":true,"href":"https:\/\/www.sincomam.org.br\/index.php\/wp-json\/wp\/v2\/media\/5432"}],"wp:attachment":[{"href":"https:\/\/www.sincomam.org.br\/index.php\/wp-json\/wp\/v2\/media?parent=7825"}],"wp:term":[{"taxonomy":"category","embeddable":true,"href":"https:\/\/www.sincomam.org.br\/index.php\/wp-json\/wp\/v2\/categories?post=7825"},{"taxonomy":"post_tag","embeddable":true,"href":"https:\/\/www.sincomam.org.br\/index.php\/wp-json\/wp\/v2\/tags?post=7825"}],"curies":[{"name":"wp","href":"https:\/\/api.w.org\/{rel}","templated":true}]}}