{"id":7784,"date":"2014-09-15T08:34:45","date_gmt":"2014-09-15T11:34:45","guid":{"rendered":"http:\/\/www.sincomam.org.br\/?p=7784"},"modified":"2014-09-14T23:11:40","modified_gmt":"2014-09-15T02:11:40","slug":"usuarios-do-porto-do-rio-de-janeiro-denunciam-abandono","status":"publish","type":"post","link":"https:\/\/www.sincomam.org.br\/index.php\/usuarios-do-porto-do-rio-de-janeiro-denunciam-abandono\/","title":{"rendered":"Usu\u00e1rios do Porto do Rio de Janeiro denunciam abandono"},"content":{"rendered":"<p><strong><em>Andr\u00e9 Seixas, fundador do site Usu\u00e1rios dos Portos do Rio de Janeiro, as dificuldades na log\u00edstica pressionam o pre\u00e7o dos produtos<\/p>\n<p><\/em><\/strong>\u201cN\u00f3s descobrimos uma verdadeira baderna, sucata, carro velho abandonado, uma desordem total ali dentro, lixo e oficina l\u00e1 dentro. O porto \u00e9 um local muito nobre, onde voc\u00ea tem que dar efici\u00eancia para carga e descarga de ve\u00edculo, estacionamento r\u00e1pido para fazer as opera\u00e7\u00f5es portu\u00e1rias, e a gente v\u00ea uma baderna, carreta ficando dias dentro do porto, falta de demarca\u00e7\u00e3o do estacionamento, falta de controle de quem entra e sai por quantidade, excesso de gente\u201d, disse ele.<strong><em><br \/><\/em><\/strong><\/p>\n<p>A sucata e o entulho est\u00e3o na \u00e1rea do Port\u00e3o 24, a principal entrada do porto. Outro problema, de acordo com Seixas, s\u00e3o dois gargalos no acesso ao local: \u201cA prefeitura colocou um ponto de \u00f4nibus a 20 metros da sa\u00edda do port\u00e3o do porto, [por] onde saem as carretas, e engarrafa tudo &#8211; n\u00e3o tem jeito -, e entregou \u00e0 Concession\u00e1ria Ponte S.A. uma \u00e1rea embaixo do viaduto, [por] onde as carretas sa\u00edam do porto direto para a Ponte Rio-Niter\u00f3i e para a Avenida Brasil, impedindo a passagem\u201d.<\/p>\n<p>De acordo com ele, essas dificuldades na log\u00edstica pressionam o pre\u00e7o dos produtos. \u201cN\u00f3s lutamos pelos direitos dos usu\u00e1rios dos portos, estamos formando uma associa\u00e7\u00e3o dos importadores e exportadores, pois pagamos caro pela falta de acesso. Tudo influencia no custo da log\u00edstica. Impacta muito, porque perde a efici\u00eancia do porto. Hoje, as instala\u00e7\u00f5es portu\u00e1rias s\u00e3o arrendadas \u00e0 iniciativa privada, temos ali diversas empresas, com as instala\u00e7\u00f5es muito bem geridas, mas para chegar l\u00e1 tem que passar pela \u00e1rea comum. Aquelas sucatas tomam \u00e1rea nobre do porto, que poderia ser usada como truck center, um pulm\u00e3o r\u00e1pido [de circula\u00e7\u00e3o] de caminh\u00f5es para log\u00edstica\u201d.<\/p>\n<p>Segundo o diretor de Engenharia e Gest\u00e3o Portu\u00e1ria da Companhia Docas do Rio de Janeiro (CDRJ), Heraldo Kremer, a empresa Triunfo Log\u00edstica, propriet\u00e1ria dos equipamentos sucateados, foi notificada em junho para retirar o material at\u00e9 o dia 28 de agosto, mas pediu prorroga\u00e7\u00e3o do prazo, que est\u00e1 em an\u00e1lise pela administra\u00e7\u00e3o do porto. De acordo com ele, o entulho n\u00e3o prejudica a opera\u00e7\u00e3o portu\u00e1ria. \u201cNo local espec\u00edfico em que se encontra o material, n\u00e3o h\u00e1 comprometimento da opera\u00e7\u00e3o portu\u00e1ria. Contudo, sob a \u00f3tica do ordenamento interno do porto, a sucata n\u00e3o deve permanecer no local\u201d.<\/p>\n<p>Quanto \u00e0 dificuldade de acesso, Kremer reconhece as dificuldades e diz que todos os envolvidos buscam uma solu\u00e7\u00e3o. Segundo ele, \u201cas dificuldades de acesso terrestre ao Porto do Rio de Janeiro s\u00e3o de conhecimento geral. Por\u00e9m, a CDRJ, os arrendat\u00e1rios do porto, a prefeitura, o governo estadual e a SEP [Secretaria de Portos, vinculada \u00e0 Presid\u00eancia da Rep\u00fablica] est\u00e3o empenhados na busca de solu\u00e7\u00e3o t\u00e9cnica vi\u00e1vel para a elimina\u00e7\u00e3o dessa dificuldade\u201d.<\/p>\n<p>Procuradas pela Ag\u00eancia Brasil, aTriunfo Log\u00edstica n\u00e3o deu retorno, e a Companhia de Engenharia de Tr\u00e1fego do Rio de Janeiro (CET-Rio) n\u00e3o respondeu aos questionamentos sobre as dificuldades de acesso, nem se tem projeto para o local, que passa por grande revitaliza\u00e7\u00e3o dentro das obras do Porto Maravilha.<\/p>\n<p>Fonte: Ag\u00eancia Brasil \/ Exame.com<\/p>\n<p><strong><em><\/em><\/strong><\/p>\n","protected":false},"excerpt":{"rendered":"<p>Andr\u00e9 Seixas, fundador do site Usu\u00e1rios dos Portos do Rio de Janeiro, as dificuldades na log\u00edstica pressionam o pre\u00e7o dos produtos \u201cN\u00f3s descobrimos uma verdadeira&#8230;<\/p>\n","protected":false},"author":1182,"featured_media":7007,"comment_status":"closed","ping_status":"closed","sticky":false,"template":"","format":"standard","meta":{"footnotes":""},"categories":[6],"tags":[],"class_list":["post-7784","post","type-post","status-publish","format-standard","has-post-thumbnail","hentry","category-noticias"],"_links":{"self":[{"href":"https:\/\/www.sincomam.org.br\/index.php\/wp-json\/wp\/v2\/posts\/7784","targetHints":{"allow":["GET"]}}],"collection":[{"href":"https:\/\/www.sincomam.org.br\/index.php\/wp-json\/wp\/v2\/posts"}],"about":[{"href":"https:\/\/www.sincomam.org.br\/index.php\/wp-json\/wp\/v2\/types\/post"}],"author":[{"embeddable":true,"href":"https:\/\/www.sincomam.org.br\/index.php\/wp-json\/wp\/v2\/users\/1182"}],"replies":[{"embeddable":true,"href":"https:\/\/www.sincomam.org.br\/index.php\/wp-json\/wp\/v2\/comments?post=7784"}],"version-history":[{"count":1,"href":"https:\/\/www.sincomam.org.br\/index.php\/wp-json\/wp\/v2\/posts\/7784\/revisions"}],"predecessor-version":[{"id":7785,"href":"https:\/\/www.sincomam.org.br\/index.php\/wp-json\/wp\/v2\/posts\/7784\/revisions\/7785"}],"wp:featuredmedia":[{"embeddable":true,"href":"https:\/\/www.sincomam.org.br\/index.php\/wp-json\/wp\/v2\/media\/7007"}],"wp:attachment":[{"href":"https:\/\/www.sincomam.org.br\/index.php\/wp-json\/wp\/v2\/media?parent=7784"}],"wp:term":[{"taxonomy":"category","embeddable":true,"href":"https:\/\/www.sincomam.org.br\/index.php\/wp-json\/wp\/v2\/categories?post=7784"},{"taxonomy":"post_tag","embeddable":true,"href":"https:\/\/www.sincomam.org.br\/index.php\/wp-json\/wp\/v2\/tags?post=7784"}],"curies":[{"name":"wp","href":"https:\/\/api.w.org\/{rel}","templated":true}]}}