{"id":7780,"date":"2014-09-15T08:22:48","date_gmt":"2014-09-15T11:22:48","guid":{"rendered":"http:\/\/www.sincomam.org.br\/?p=7780"},"modified":"2014-09-14T22:58:39","modified_gmt":"2014-09-15T01:58:39","slug":"ex-diretor-da-petrobras-devera-aguardar-julgamento-com-tornozeleira","status":"publish","type":"post","link":"https:\/\/www.sincomam.org.br\/index.php\/ex-diretor-da-petrobras-devera-aguardar-julgamento-com-tornozeleira\/","title":{"rendered":"Ex-diretor da Petrobras dever\u00e1 aguardar julgamento com tornozeleira"},"content":{"rendered":"<p>Quinze dias depois de ter iniciado relatos di\u00e1rios que se converteram em uma dela\u00e7\u00e3o premiada, o ex-diretor da Petrobras, Paulo Roberto Costa, poder\u00e1 deixar o regime de pris\u00e3o preventiva que cumpre em Curitiba e sair da cadeia nos pr\u00f3ximos dias, apurou o Valor.<\/p>\n<p>Costa tamb\u00e9m concordou em abrir m\u00e3o de todos os eventuais direitos sobre os US$ 23 milh\u00f5es enviados \u00e0 Su\u00ed\u00e7a pelo esquema e que foram identificados e congelados naquele pa\u00eds. O ex-diretor da Petrobras dever\u00e1 aguardar julgamento monitorado \u00e0 dist\u00e2ncia, usando uma tornozeleira eletr\u00f4nica. O acordo extinguir\u00e1 todos os processos e investiga\u00e7\u00f5es.<\/p>\n<p>O ex-executivo da estatal e o doleiro Alberto Youssef s\u00e3o acusados de formar uma organiza\u00e7\u00e3o criminosa e comandar a viabiliza\u00e7\u00e3o de esquema de desvio de recursos da Petrobras, com corrup\u00e7\u00e3o de servidores e pol\u00edticos, peculato, lavagem de dinheiro e evas\u00e3o de divisas por corretoras de c\u00e2mbio, empresas de fachada e offshores no exterior.<\/p>\n<p>Costa \u00e9 r\u00e9u em dois processos criminais e investigado em 11 inqu\u00e9ritos da Pol\u00edcia Federal. O acordo de dela\u00e7\u00e3o dever\u00e1 livr\u00e1-lo de receber uma condena\u00e7\u00e3o anteriormente estimada pela for\u00e7a-tarefa entre 45 e 50 anos. A pena do operador do mensal\u00e3o, Marcos Val\u00e9rio de Souza, por exemplo,\u00a0 foi de pouco mais de 37 anos.<\/p>\n<p>Pelos termos da dela\u00e7\u00e3o, Costa ser\u00e1 condenado a cinco ou seis anos de pris\u00e3o no regime semiaberto. De acordo com a legisla\u00e7\u00e3o penal, condenados a menos de oito anos est\u00e3o dispensados de cumprir regime totalmente reclusos.<\/p>\n<p>As informa\u00e7\u00f5es reveladas por Costa s\u00e3o consideradas s\u00f3lidas e conclusivas para a solu\u00e7\u00e3o do caso. Ele teria implicado dezenas de pol\u00edticos e parlamentares, empreiteiras e empresas de presta\u00e7\u00e3o de servi\u00e7os com contratos firmados junto a Petrobras.<\/p>\n<p>A dela\u00e7\u00e3o dever\u00e1 ser remetida ao Supremo Tribunal Federal (STF), para que a corte estabele\u00e7a o processamento penal dos envolvidos com prerrogativa de foro por compet\u00eancia ou fun\u00e7\u00e3o.<\/p>\n<p>Fonte:\u00a0Andr\u00e9 Guilherme Vieira | Valor<\/p>\n","protected":false},"excerpt":{"rendered":"<p>Quinze dias depois de ter iniciado relatos di\u00e1rios que se converteram em uma dela\u00e7\u00e3o premiada, o ex-diretor da Petrobras, Paulo Roberto Costa, poder\u00e1 deixar o&#8230;<\/p>\n","protected":false},"author":1182,"featured_media":5132,"comment_status":"closed","ping_status":"closed","sticky":false,"template":"","format":"standard","meta":{"footnotes":""},"categories":[6],"tags":[],"class_list":["post-7780","post","type-post","status-publish","format-standard","has-post-thumbnail","hentry","category-noticias"],"_links":{"self":[{"href":"https:\/\/www.sincomam.org.br\/index.php\/wp-json\/wp\/v2\/posts\/7780","targetHints":{"allow":["GET"]}}],"collection":[{"href":"https:\/\/www.sincomam.org.br\/index.php\/wp-json\/wp\/v2\/posts"}],"about":[{"href":"https:\/\/www.sincomam.org.br\/index.php\/wp-json\/wp\/v2\/types\/post"}],"author":[{"embeddable":true,"href":"https:\/\/www.sincomam.org.br\/index.php\/wp-json\/wp\/v2\/users\/1182"}],"replies":[{"embeddable":true,"href":"https:\/\/www.sincomam.org.br\/index.php\/wp-json\/wp\/v2\/comments?post=7780"}],"version-history":[{"count":1,"href":"https:\/\/www.sincomam.org.br\/index.php\/wp-json\/wp\/v2\/posts\/7780\/revisions"}],"predecessor-version":[{"id":7781,"href":"https:\/\/www.sincomam.org.br\/index.php\/wp-json\/wp\/v2\/posts\/7780\/revisions\/7781"}],"wp:featuredmedia":[{"embeddable":true,"href":"https:\/\/www.sincomam.org.br\/index.php\/wp-json\/wp\/v2\/media\/5132"}],"wp:attachment":[{"href":"https:\/\/www.sincomam.org.br\/index.php\/wp-json\/wp\/v2\/media?parent=7780"}],"wp:term":[{"taxonomy":"category","embeddable":true,"href":"https:\/\/www.sincomam.org.br\/index.php\/wp-json\/wp\/v2\/categories?post=7780"},{"taxonomy":"post_tag","embeddable":true,"href":"https:\/\/www.sincomam.org.br\/index.php\/wp-json\/wp\/v2\/tags?post=7780"}],"curies":[{"name":"wp","href":"https:\/\/api.w.org\/{rel}","templated":true}]}}