{"id":7766,"date":"2014-09-15T08:00:06","date_gmt":"2014-09-15T11:00:06","guid":{"rendered":"http:\/\/www.sincomam.org.br\/?p=7766"},"modified":"2014-09-14T22:31:55","modified_gmt":"2014-09-15T01:31:55","slug":"porto-em-santa-catarina-celebra-acordo-por-novo-terminal","status":"publish","type":"post","link":"https:\/\/www.sincomam.org.br\/index.php\/porto-em-santa-catarina-celebra-acordo-por-novo-terminal\/","title":{"rendered":"Porto em Santa Catarina celebra acordo por novo terminal"},"content":{"rendered":"<p>A Secretaria de Portos autorizou a instala\u00e7\u00e3o de Terminal de Uso Privado (TUP) do Terminal de Gran\u00e9is de Santa Catarina (TGSC). O terminal localizado em \u00e1rea cont\u00edgua ao Porto Organizado de S\u00e3o Francisco do Sul (SC) atender\u00e1 a exporta\u00e7\u00e3o de gran\u00e9is vegetais, como soja e farelo de soja e milho. A previs\u00e3o para a constru\u00e7\u00e3o do terminal \u00e9 de 18 meses.<\/p>\n<p>A autoriza\u00e7\u00e3o para a instala\u00e7\u00e3o do empreendimento atende \u00e0s orienta\u00e7\u00f5es da nova Lei dos Portos e faz parte dos esfor\u00e7os do governo federal para dar mais efetividade \u00e0 log\u00edstica portu\u00e1ria nacional. \u201cEste projeto demonstra a confian\u00e7a do setor privado no Brasil e no estado de Santa Catarina. O empreendimento, sem d\u00favida, faz parte desta nova log\u00edstica moderna que o governo federal tem procurado dar ao pa\u00eds para exportar mais facilmente nossas riquezas\u201d, afirmou o ministro C\u00e9sar Borges.<\/p>\n<p>O projeto prev\u00ea a implanta\u00e7\u00e3o de um p\u00eder avan\u00e7ado ligado por uma ponte de acesso \u00e0 retro\u00e1rea do terminal, onde ser\u00e3o instalados os armaz\u00e9ns e a estrutura de recep\u00e7\u00e3o de gr\u00e3os por esteiras ligadas ao Porto de S\u00e3o Francisco do Sul.<\/p>\n<p>A expectativa \u00e9 que o novo terminal responda pela movimenta\u00e7\u00e3o de seis milh\u00f5es de toneladas por ano com investimento de R$ 4 milh\u00f5es.<\/p>\n<p>Fonte :Secretaria de Portos<\/p>\n","protected":false},"excerpt":{"rendered":"<p>A Secretaria de Portos autorizou a instala\u00e7\u00e3o de Terminal de Uso Privado (TUP) do Terminal de Gran\u00e9is de Santa Catarina (TGSC). O terminal localizado em&#8230;<\/p>\n","protected":false},"author":1182,"featured_media":6033,"comment_status":"closed","ping_status":"closed","sticky":false,"template":"","format":"standard","meta":{"footnotes":""},"categories":[6],"tags":[],"class_list":["post-7766","post","type-post","status-publish","format-standard","has-post-thumbnail","hentry","category-noticias"],"_links":{"self":[{"href":"https:\/\/www.sincomam.org.br\/index.php\/wp-json\/wp\/v2\/posts\/7766","targetHints":{"allow":["GET"]}}],"collection":[{"href":"https:\/\/www.sincomam.org.br\/index.php\/wp-json\/wp\/v2\/posts"}],"about":[{"href":"https:\/\/www.sincomam.org.br\/index.php\/wp-json\/wp\/v2\/types\/post"}],"author":[{"embeddable":true,"href":"https:\/\/www.sincomam.org.br\/index.php\/wp-json\/wp\/v2\/users\/1182"}],"replies":[{"embeddable":true,"href":"https:\/\/www.sincomam.org.br\/index.php\/wp-json\/wp\/v2\/comments?post=7766"}],"version-history":[{"count":1,"href":"https:\/\/www.sincomam.org.br\/index.php\/wp-json\/wp\/v2\/posts\/7766\/revisions"}],"predecessor-version":[{"id":7767,"href":"https:\/\/www.sincomam.org.br\/index.php\/wp-json\/wp\/v2\/posts\/7766\/revisions\/7767"}],"wp:featuredmedia":[{"embeddable":true,"href":"https:\/\/www.sincomam.org.br\/index.php\/wp-json\/wp\/v2\/media\/6033"}],"wp:attachment":[{"href":"https:\/\/www.sincomam.org.br\/index.php\/wp-json\/wp\/v2\/media?parent=7766"}],"wp:term":[{"taxonomy":"category","embeddable":true,"href":"https:\/\/www.sincomam.org.br\/index.php\/wp-json\/wp\/v2\/categories?post=7766"},{"taxonomy":"post_tag","embeddable":true,"href":"https:\/\/www.sincomam.org.br\/index.php\/wp-json\/wp\/v2\/tags?post=7766"}],"curies":[{"name":"wp","href":"https:\/\/api.w.org\/{rel}","templated":true}]}}