{"id":7743,"date":"2014-09-12T08:15:09","date_gmt":"2014-09-12T11:15:09","guid":{"rendered":"http:\/\/www.sincomam.org.br\/?p=7743"},"modified":"2014-09-11T23:23:17","modified_gmt":"2014-09-12T02:23:17","slug":"tecon-salvador-promove-terceira-edicao-de-seminario-de-logistica","status":"publish","type":"post","link":"https:\/\/www.sincomam.org.br\/index.php\/tecon-salvador-promove-terceira-edicao-de-seminario-de-logistica\/","title":{"rendered":"Tecon Salvador promove terceira edi\u00e7\u00e3o de Semin\u00e1rio de Log\u00edstica"},"content":{"rendered":"<p><strong><em>Evento vai discutir panorama e tend\u00eancias para o transporte mar\u00edtimo de cargas no pr\u00f3ximo dia 17, em Salvador (BA)<\/em><\/strong><\/p>\n<p>Na pr\u00f3xima quarta-feira (17), o Terminal de Cont\u00eaineres de Salvador reunir\u00e1 alguns dos principais nomes ligados \u00e0 atividade comercial mar\u00edtima no III Semin\u00e1rio de Log\u00edstica \u2013 Panorama e tend\u00eancias para o transporte mar\u00edtimo de cargas. O evento ser\u00e1 realizado no Hotel Matiz em Salvador (Bahia), a partir das 13:30h.<\/p>\n<p>Dentre os palestrantes convidados, est\u00e3o representantes de associa\u00e7\u00f5es de usu\u00e1rios e operadores log\u00edsticos; armadores; Companhia de Docas da Bahia; Ag\u00eancia Nacional de Transportes Aquavi\u00e1rios; Secretaria da Ind\u00fastria, Com\u00e9rcio e Minera\u00e7\u00e3o da Bahia e executivos das empresas Alstom e Knauf.<\/p>\n<p>Os assuntos que ser\u00e3o abordados v\u00e3o desde a diversifica\u00e7\u00e3o da matriz de transporte at\u00e9 as experi\u00eancias bem-sucedidas em log\u00edstica internacional, cabotagem e movimenta\u00e7\u00e3o de cargas especiais.<\/p>\n<p>O evento \u00e9 aberto e gratuito. Para mais informa\u00e7\u00f5es e credenciamento, os interessados devem acessar o <a href=\"http:\/\/www.teconsalvador.com.br\/III-seminario-logistica\" target=\"_blank\">site www.teconsalvador.com.br\/III-semin\u00e1rio-log\u00edstica.\u00a0<\/a><\/p>\n<p><strong>Servi\u00e7o<\/strong><\/p>\n<p>III Semin\u00e1rio de Log\u00edstica \u2013 Panorama e tend\u00eancias para o transporte mar\u00edtimo de cargas<\/p>\n<p><strong>Data:<\/strong> 17\/09\/2014<\/p>\n<p><strong>Hor\u00e1rio:<\/strong> 13:30 \u00e0s 18:30<\/p>\n<p><strong>Local:<\/strong> Hotel Matiz (R. Doutor Jos\u00e9 Peroba, 244, Stiep) &#8211; Salvador\/BA<\/p>\n<p><strong>Informa\u00e7\u00f5es:<\/strong><a href=\"http:\/\/www.teconsalvador.com.br\/III-seminario-logistica\" target=\"_blank\"> http:\/\/www.teconsalvador.com.br\/III-seminario-logistica<\/a><\/p>\n","protected":false},"excerpt":{"rendered":"<p>Evento vai discutir panorama e tend\u00eancias para o transporte mar\u00edtimo de cargas no pr\u00f3ximo dia 17, em Salvador (BA) Na pr\u00f3xima quarta-feira (17), o Terminal&#8230;<\/p>\n","protected":false},"author":1182,"featured_media":5429,"comment_status":"closed","ping_status":"closed","sticky":false,"template":"","format":"standard","meta":{"footnotes":""},"categories":[6],"tags":[],"class_list":["post-7743","post","type-post","status-publish","format-standard","has-post-thumbnail","hentry","category-noticias"],"_links":{"self":[{"href":"https:\/\/www.sincomam.org.br\/index.php\/wp-json\/wp\/v2\/posts\/7743","targetHints":{"allow":["GET"]}}],"collection":[{"href":"https:\/\/www.sincomam.org.br\/index.php\/wp-json\/wp\/v2\/posts"}],"about":[{"href":"https:\/\/www.sincomam.org.br\/index.php\/wp-json\/wp\/v2\/types\/post"}],"author":[{"embeddable":true,"href":"https:\/\/www.sincomam.org.br\/index.php\/wp-json\/wp\/v2\/users\/1182"}],"replies":[{"embeddable":true,"href":"https:\/\/www.sincomam.org.br\/index.php\/wp-json\/wp\/v2\/comments?post=7743"}],"version-history":[{"count":1,"href":"https:\/\/www.sincomam.org.br\/index.php\/wp-json\/wp\/v2\/posts\/7743\/revisions"}],"predecessor-version":[{"id":7744,"href":"https:\/\/www.sincomam.org.br\/index.php\/wp-json\/wp\/v2\/posts\/7743\/revisions\/7744"}],"wp:featuredmedia":[{"embeddable":true,"href":"https:\/\/www.sincomam.org.br\/index.php\/wp-json\/wp\/v2\/media\/5429"}],"wp:attachment":[{"href":"https:\/\/www.sincomam.org.br\/index.php\/wp-json\/wp\/v2\/media?parent=7743"}],"wp:term":[{"taxonomy":"category","embeddable":true,"href":"https:\/\/www.sincomam.org.br\/index.php\/wp-json\/wp\/v2\/categories?post=7743"},{"taxonomy":"post_tag","embeddable":true,"href":"https:\/\/www.sincomam.org.br\/index.php\/wp-json\/wp\/v2\/tags?post=7743"}],"curies":[{"name":"wp","href":"https:\/\/api.w.org\/{rel}","templated":true}]}}