{"id":7729,"date":"2014-09-11T08:10:52","date_gmt":"2014-09-11T11:10:52","guid":{"rendered":"http:\/\/www.sincomam.org.br\/?p=7729"},"modified":"2014-09-11T08:10:52","modified_gmt":"2014-09-11T11:10:52","slug":"novo-centro-de-operacao-e-controle-de-trafego-de-navios","status":"publish","type":"post","link":"https:\/\/www.sincomam.org.br\/index.php\/novo-centro-de-operacao-e-controle-de-trafego-de-navios\/","title":{"rendered":"Novo centro de opera\u00e7\u00e3o e controle de tr\u00e1fego de navios"},"content":{"rendered":"<p>A Praticagem de S\u00e3o Paulo (Porto de Santos e S\u00e3o Sebasti\u00e3o) inaugura\u00a0 no dia 15 de setembro, pr\u00f3xima segunda-feira, o seu novo Centro de Opera\u00e7\u00e3o e Controle de Tr\u00e1fego de navios.<\/p>\n<p>Os novos equipamentos j\u00e1 existem em alguns dos mais modernos\u00a0 portos do mundo, mas no Brasil \u00e9 totalmente bancado pelo Praticagem.<\/p>\n<p>Uma apresenta\u00e7\u00e3o especial para a imprensa ser\u00e1 feita no mesmo dia 15, a partir das 12 horas.<\/p>\n<p>A cerim\u00f4nia de inaugura\u00e7\u00e3o est\u00e1 marcada para as 15 horas.<\/p>\n<p>Fonte: Portal Naval\/ Assessoria<\/p>\n","protected":false},"excerpt":{"rendered":"<p>A Praticagem de S\u00e3o Paulo (Porto de Santos e S\u00e3o Sebasti\u00e3o) inaugura\u00a0 no dia 15 de setembro, pr\u00f3xima segunda-feira, o seu novo Centro de Opera\u00e7\u00e3o&#8230;<\/p>\n","protected":false},"author":1182,"featured_media":5272,"comment_status":"closed","ping_status":"closed","sticky":false,"template":"","format":"standard","meta":{"footnotes":""},"categories":[6],"tags":[],"class_list":["post-7729","post","type-post","status-publish","format-standard","has-post-thumbnail","hentry","category-noticias"],"_links":{"self":[{"href":"https:\/\/www.sincomam.org.br\/index.php\/wp-json\/wp\/v2\/posts\/7729","targetHints":{"allow":["GET"]}}],"collection":[{"href":"https:\/\/www.sincomam.org.br\/index.php\/wp-json\/wp\/v2\/posts"}],"about":[{"href":"https:\/\/www.sincomam.org.br\/index.php\/wp-json\/wp\/v2\/types\/post"}],"author":[{"embeddable":true,"href":"https:\/\/www.sincomam.org.br\/index.php\/wp-json\/wp\/v2\/users\/1182"}],"replies":[{"embeddable":true,"href":"https:\/\/www.sincomam.org.br\/index.php\/wp-json\/wp\/v2\/comments?post=7729"}],"version-history":[{"count":1,"href":"https:\/\/www.sincomam.org.br\/index.php\/wp-json\/wp\/v2\/posts\/7729\/revisions"}],"predecessor-version":[{"id":7730,"href":"https:\/\/www.sincomam.org.br\/index.php\/wp-json\/wp\/v2\/posts\/7729\/revisions\/7730"}],"wp:featuredmedia":[{"embeddable":true,"href":"https:\/\/www.sincomam.org.br\/index.php\/wp-json\/wp\/v2\/media\/5272"}],"wp:attachment":[{"href":"https:\/\/www.sincomam.org.br\/index.php\/wp-json\/wp\/v2\/media?parent=7729"}],"wp:term":[{"taxonomy":"category","embeddable":true,"href":"https:\/\/www.sincomam.org.br\/index.php\/wp-json\/wp\/v2\/categories?post=7729"},{"taxonomy":"post_tag","embeddable":true,"href":"https:\/\/www.sincomam.org.br\/index.php\/wp-json\/wp\/v2\/tags?post=7729"}],"curies":[{"name":"wp","href":"https:\/\/api.w.org\/{rel}","templated":true}]}}